{"id":6974,"date":"2026-09-04T15:26:10","date_gmt":"2026-09-04T18:26:10","guid":{"rendered":"https:\/\/terraparque.tur.br\/?p=6974"},"modified":"2026-09-04T15:26:10","modified_gmt":"2026-09-04T18:26:10","slug":"gean-sampaio-volta-ao-terra-parque-com-a-familia-para-viver-novos-momentos-no-resort-fazenda-do-vulcao","status":"publish","type":"post","link":"https:\/\/terraparque.tur.br\/en\/noticias\/gean-sampaio-volta-ao-terra-parque-com-a-familia-para-viver-novos-momentos-no-resort-fazenda-do-vulcao\/","title":{"rendered":"Gean Sampaio Returns to Terra Parque with His Family to Experience New Moments at the Volcano Farm Resort"},"content":{"rendered":"<p><span style=\"font-weight: 400;\">Some places are so special that one visit is not enough. That was the case for Gean Sampaio, who returned to Terra Parque Eco Resort with his family to enjoy a few days at the Volcano Farm Resort for the second time.<\/span><\/p>\n<p><span style=\"font-weight: 400;\">Known on social media for his light and spontaneous content, Gean took advantage of his visit to the countryside of S\u00e3o Paulo to exchange routine for days of rest, fun, and, above all, moments alongside the people who are part of his story.<\/span><\/p>\n<p><span style=\"font-weight: 400;\">The new visit also shows something that happens to many families who come to Terra Parque: after discovering the resort, there are always experiences to repeat and many others still to discover.<\/span><\/p>\n<h2><b>Who is Gean Sampaio?<\/b><\/h2>\n<p><span style=\"font-weight: 400;\">Gean Sampaio is a Physical Education teacher and content creator, known on social media for sharing moments experienced with his students in a light, fun, and often emotional way. His activities approach themes such as inclusion, friendship, affection, and respect, showing that experiences inside the school can also leave lessons for life. With videos that have already reached millions of people, Gean won over the public precisely through the spontaneity of the children and the close, genuine way he leads his activities.<\/span><\/p>\n<p><img decoding=\"async\" class=\"alignnone  wp-image-6975 img-fluid\" src=\"https:\/\/terraparque.tur.br\/wp-content\/uploads\/2026\/09\/Design-sem-nome-32.jpg\" alt=\"Gean Sampaio no Terra Parque\" width=\"601\" height=\"338\" srcset=\"https:\/\/terraparque.tur.br\/wp-content\/uploads\/2026\/09\/Design-sem-nome-32.jpg 1600w, https:\/\/terraparque.tur.br\/wp-content\/uploads\/2026\/09\/Design-sem-nome-32-768x432.jpg 768w, https:\/\/terraparque.tur.br\/wp-content\/uploads\/2026\/09\/Design-sem-nome-32-1536x864.jpg 1536w, https:\/\/terraparque.tur.br\/wp-content\/uploads\/2026\/09\/Design-sem-nome-32-18x10.jpg 18w\" sizes=\"(max-width: 601px) 100vw, 601px\" \/><\/p>\n<h2><b>Gean Sampaio visits Terra Parque for the second time<\/b><\/h2>\n<p><span style=\"font-weight: 400;\">This was not Gean Sampaio\u2019s first experience at Terra Parque.<\/span><\/p>\n<p><span style=\"font-weight: 400;\">After having already visited the resort before, the content creator chose to return to the destination with his family. This time, in addition to revisiting some of the spaces he already knew, he was able to enjoy the programming again and experience new moments during the stay.<\/span><\/p>\n<p><span style=\"font-weight: 400;\">This time, the trip also gained special meaning because of Joaquim, Gean\u2019s nephew. While the content creator was returning to a place he already knew, the little one experienced some things for the first time alongside the family. Between new discoveries, games, and shared moments, the visit ended up bringing together two different perspectives: that of someone returning to relive good memories and that of someone beginning to build his own.<\/span><\/p>\n<h2><b>Family fun is part of the experience at the Volcano Farm Resort<\/b><\/h2>\n<p><span style=\"font-weight: 400;\">At Terra Parque, different generations can find ways to enjoy the trip together.<\/span><\/p>\n<p><span style=\"font-weight: 400;\">The aquatic complex brings together pools and attractions for different ages, while the recreation program, the nature-filled spaces, and the resort\u2019s experiences help turn the stay into part of the trip itself.<\/span><\/p>\n<p><span style=\"font-weight: 400;\">For children, these are days with space to play, run, discover, and take part in activities. For adults, the trip can also mean moments of rest and the opportunity to follow everything more closely.<\/span><\/p>\n<p><span style=\"font-weight: 400;\">It was in this atmosphere that Gean and his family enjoyed another visit to the Volcano Farm Resort.<\/span><\/p>\n<p><img decoding=\"async\" class=\"alignnone  wp-image-6976 img-fluid\" src=\"https:\/\/terraparque.tur.br\/wp-content\/uploads\/2026\/09\/Design-sem-nome-31.jpg\" alt=\"Gean Sampaio no Terra Parque\" width=\"602\" height=\"452\" srcset=\"https:\/\/terraparque.tur.br\/wp-content\/uploads\/2026\/09\/Design-sem-nome-31.jpg 1600w, https:\/\/terraparque.tur.br\/wp-content\/uploads\/2026\/09\/Design-sem-nome-31-768x576.jpg 768w, https:\/\/terraparque.tur.br\/wp-content\/uploads\/2026\/09\/Design-sem-nome-31-1536x1152.jpg 1536w, https:\/\/terraparque.tur.br\/wp-content\/uploads\/2026\/09\/Design-sem-nome-31-16x12.jpg 16w\" sizes=\"(max-width: 602px) 100vw, 602px\" \/><\/p>\n<h2><b>Terra Parque brings together nature, leisure, and experiences in the countryside of S\u00e3o Paulo<\/b><\/h2>\n<p><span style=\"font-weight: 400;\">Located in Pirapozinho, in the countryside of S\u00e3o Paulo, Terra Parque Eco Resort combines resort features with experiences connected to the countryside and nature.<\/span><\/p>\n<p><span style=\"font-weight: 400;\">In addition to the aquatic complex, guests find gastronomy, leisure programming, recreation, green areas, and attractions that help create different possibilities throughout the stay.<\/span><\/p>\n<p><span style=\"font-weight: 400;\">One of the great symbols of the destination is the Terra Parque Volcano, which is part of the resort\u2019s identity and serves as the setting for experiences that help make the trip even more memorable.<\/span><\/p>\n<p><span style=\"font-weight: 400;\">This way, a family can spend several days inside the resort finding different activities without having to turn the trip into a sequence of transfers.<\/span><\/p>\n<p><img decoding=\"async\" class=\"alignnone  wp-image-6977 img-fluid\" src=\"https:\/\/terraparque.tur.br\/wp-content\/uploads\/2026\/09\/Design-sem-nome-33.jpg\" alt=\"Gean Sampaio no Terra Parque\" width=\"600\" height=\"450\" srcset=\"https:\/\/terraparque.tur.br\/wp-content\/uploads\/2026\/09\/Design-sem-nome-33.jpg 1600w, https:\/\/terraparque.tur.br\/wp-content\/uploads\/2026\/09\/Design-sem-nome-33-768x576.jpg 768w, https:\/\/terraparque.tur.br\/wp-content\/uploads\/2026\/09\/Design-sem-nome-33-1536x1152.jpg 1536w, https:\/\/terraparque.tur.br\/wp-content\/uploads\/2026\/09\/Design-sem-nome-33-16x12.jpg 16w\" sizes=\"(max-width: 600px) 100vw, 600px\" \/><\/p>\n<h2><b>Gean Sampaio\u2019s second visit reinforces his connection with Terra Parque<\/b><\/h2>\n<p><span style=\"font-weight: 400;\">Welcoming a family for the first time is always special. But seeing them choose to return tells a different story.<\/span><\/p>\n<p><span style=\"font-weight: 400;\">Gean Sampaio\u2019s second visit to Terra Parque represents exactly that: after the memories created during the first experience, there were new reasons to come back.<\/span><\/p>\n<p><span style=\"font-weight: 400;\">This time, the trip gained new moments, new records, and new family stories.<\/span><\/p>\n<p><span style=\"font-weight: 400;\">Because there are destinations we discover during a trip. And there are those that, after the first visit, become part of the list of places we want to return to.<\/span><\/p>\n<p><span style=\"font-weight: 400;\">For Gean Sampaio and his family, Terra Parque is already part of that story.<\/span><\/p>\n<h2><b>About Terra Parque<\/b><\/h2>\n<p><span style=\"font-weight: 400;\">Terra Parque Eco Resort is located in the countryside of S\u00e3o Paulo, just 10 minutes from Presidente Prudente Airport. In addition, the resort features a green area of over 324,000 square meters and more than 201 air-conditioned apartments designed to provide comfort and convenience. The resort offers an impressive water complex, including 11 pools, 7 waterslides, a hot tub, a bubbling pool, heated pools, and a safe and climate-controlled children\u2019s water playground. Therefore, if you would like to experience everything Terra Parque Eco Resort has to offer, visit the website<\/span><a href=\"https:\/\/terraparque.tur.br\/en\/\"> <b>terraparque.com<\/b><\/a><span style=\"font-weight: 400;\"> or contact us via<\/span><a href=\"https:\/\/api.whatsapp.com\/send\/?phone=5518997301085&amp;text&amp;type=phone_number&amp;app_absent=0\"> <b>WhatsApp (18) 99730-108<\/b><\/a><b>5<\/b><span style=\"font-weight: 400;\">. Come discover why Terra Parque is the right choice for so many people as their destination for leisure and relaxation.<\/span><\/p>","protected":false},"excerpt":{"rendered":"<p>Alguns lugares s\u00e3o t\u00e3o especiais que uma \u00fanica visita n\u00e3o \u00e9 suficiente. Foi assim com Gean Sampaio, que&#8230;<\/p>","protected":false},"author":7,"featured_media":6975,"comment_status":"open","ping_status":"closed","sticky":false,"template":"","format":"standard","meta":{"footnotes":""},"categories":[122,135,10],"class_list":["post-6974","post","type-post","status-publish","format-standard","has-post-thumbnail","hentry","category-lazer","category-noticias","category-viagens"],"yoast_head":"<!-- This site is optimized with the Yoast SEO plugin v25.7 - https:\/\/yoast.com\/wordpress\/plugins\/seo\/ -->\n<title>Gean Sampaio volta ao Terra Parque com a fam\u00edlia para viver novos momentos no Resort Fazenda do Vulc\u00e3o | Terra Parque<\/title>\n<meta name=\"description\" content=\"Gean Sampaio voltou ao Terra Parque Eco Resort com a fam\u00edlia. Veja como foi a segunda visita ao Resort Fazenda do Vulc\u00e3o, no interior de SP.\" \/>\n<meta name=\"robots\" content=\"index, follow, max-snippet:-1, max-image-preview:large, max-video-preview:-1\" \/>\n<link rel=\"canonical\" href=\"https:\/\/terraparque.tur.br\/en\/noticias\/gean-sampaio-volta-ao-terra-parque-com-a-familia-para-viver-novos-momentos-no-resort-fazenda-do-vulcao\/\" \/>\n<meta property=\"og:locale\" content=\"en_US\" \/>\n<meta property=\"og:type\" content=\"article\" \/>\n<meta property=\"og:title\" content=\"Gean Sampaio volta ao Terra Parque com a fam\u00edlia para viver novos momentos no Resort Fazenda do Vulc\u00e3o | Terra Parque\" \/>\n<meta property=\"og:description\" content=\"Gean Sampaio voltou ao Terra Parque Eco Resort com a fam\u00edlia. Veja como foi a segunda visita ao Resort Fazenda do Vulc\u00e3o, no interior de SP.\" \/>\n<meta property=\"og:url\" content=\"https:\/\/terraparque.tur.br\/en\/noticias\/gean-sampaio-volta-ao-terra-parque-com-a-familia-para-viver-novos-momentos-no-resort-fazenda-do-vulcao\/\" \/>\n<meta property=\"og:site_name\" content=\"Terra Parque\" \/>\n<meta property=\"article:publisher\" content=\"https:\/\/www.facebook.com\/terraparque\" \/>\n<meta property=\"article:published_time\" content=\"2026-09-04T18:26:10+00:00\" \/>\n<meta property=\"og:image\" content=\"https:\/\/terraparque.tur.br\/wp-content\/uploads\/2026\/09\/Design-sem-nome-32.jpg\" \/>\n\t<meta property=\"og:image:width\" content=\"1600\" \/>\n\t<meta property=\"og:image:height\" content=\"900\" \/>\n\t<meta property=\"og:image:type\" content=\"image\/jpeg\" \/>\n<meta name=\"author\" content=\"Uzeloto\" \/>\n<meta name=\"twitter:card\" content=\"summary_large_image\" \/>\n<meta name=\"twitter:label1\" content=\"Written by\" \/>\n\t<meta name=\"twitter:data1\" content=\"Uzeloto\" \/>\n\t<meta name=\"twitter:label2\" content=\"Est. reading time\" \/>\n\t<meta name=\"twitter:data2\" content=\"6 minutes\" \/>\n<script type=\"application\/ld+json\" class=\"yoast-schema-graph\">{\"@context\":\"https:\/\/schema.org\",\"@graph\":[{\"@type\":\"Article\",\"@id\":\"https:\/\/terraparque.tur.br\/noticias\/gean-sampaio-volta-ao-terra-parque-com-a-familia-para-viver-novos-momentos-no-resort-fazenda-do-vulcao\/#article\",\"isPartOf\":{\"@id\":\"https:\/\/terraparque.tur.br\/noticias\/gean-sampaio-volta-ao-terra-parque-com-a-familia-para-viver-novos-momentos-no-resort-fazenda-do-vulcao\/\"},\"author\":{\"name\":\"Uzeloto\",\"@id\":\"https:\/\/terraparque.tur.br\/#\/schema\/person\/ca8647479171efc9f16dc9b4faae7567\"},\"headline\":\"Gean Sampaio volta ao Terra Parque com a fam\u00edlia para viver novos momentos no Resort Fazenda do Vulc\u00e3o\",\"datePublished\":\"2026-09-04T18:26:10+00:00\",\"mainEntityOfPage\":{\"@id\":\"https:\/\/terraparque.tur.br\/noticias\/gean-sampaio-volta-ao-terra-parque-com-a-familia-para-viver-novos-momentos-no-resort-fazenda-do-vulcao\/\"},\"wordCount\":886,\"commentCount\":0,\"publisher\":{\"@id\":\"https:\/\/terraparque.tur.br\/#organization\"},\"image\":{\"@id\":\"https:\/\/terraparque.tur.br\/noticias\/gean-sampaio-volta-ao-terra-parque-com-a-familia-para-viver-novos-momentos-no-resort-fazenda-do-vulcao\/#primaryimage\"},\"thumbnailUrl\":\"https:\/\/terraparque.tur.br\/wp-content\/uploads\/2026\/09\/Design-sem-nome-32.jpg\",\"articleSection\":[\"Lazer\",\"Not\u00edcias\",\"Viagens\"],\"inLanguage\":\"en-US\",\"potentialAction\":[{\"@type\":\"CommentAction\",\"name\":\"Comment\",\"target\":[\"https:\/\/terraparque.tur.br\/noticias\/gean-sampaio-volta-ao-terra-parque-com-a-familia-para-viver-novos-momentos-no-resort-fazenda-do-vulcao\/#respond\"]}]},{\"@type\":\"WebPage\",\"@id\":\"https:\/\/terraparque.tur.br\/noticias\/gean-sampaio-volta-ao-terra-parque-com-a-familia-para-viver-novos-momentos-no-resort-fazenda-do-vulcao\/\",\"url\":\"https:\/\/terraparque.tur.br\/noticias\/gean-sampaio-volta-ao-terra-parque-com-a-familia-para-viver-novos-momentos-no-resort-fazenda-do-vulcao\/\",\"name\":\"Gean Sampaio volta ao Terra Parque com a fam\u00edlia para viver novos momentos no Resort Fazenda do Vulc\u00e3o | Terra Parque\",\"isPartOf\":{\"@id\":\"https:\/\/terraparque.tur.br\/#website\"},\"primaryImageOfPage\":{\"@id\":\"https:\/\/terraparque.tur.br\/noticias\/gean-sampaio-volta-ao-terra-parque-com-a-familia-para-viver-novos-momentos-no-resort-fazenda-do-vulcao\/#primaryimage\"},\"image\":{\"@id\":\"https:\/\/terraparque.tur.br\/noticias\/gean-sampaio-volta-ao-terra-parque-com-a-familia-para-viver-novos-momentos-no-resort-fazenda-do-vulcao\/#primaryimage\"},\"thumbnailUrl\":\"https:\/\/terraparque.tur.br\/wp-content\/uploads\/2026\/09\/Design-sem-nome-32.jpg\",\"datePublished\":\"2026-09-04T18:26:10+00:00\",\"description\":\"Gean Sampaio voltou ao Terra Parque Eco Resort com a fam\u00edlia. Veja como foi a segunda visita ao Resort Fazenda do Vulc\u00e3o, no interior de SP.\",\"breadcrumb\":{\"@id\":\"https:\/\/terraparque.tur.br\/noticias\/gean-sampaio-volta-ao-terra-parque-com-a-familia-para-viver-novos-momentos-no-resort-fazenda-do-vulcao\/#breadcrumb\"},\"inLanguage\":\"en-US\",\"potentialAction\":[{\"@type\":\"ReadAction\",\"target\":[\"https:\/\/terraparque.tur.br\/noticias\/gean-sampaio-volta-ao-terra-parque-com-a-familia-para-viver-novos-momentos-no-resort-fazenda-do-vulcao\/\"]}]},{\"@type\":\"ImageObject\",\"inLanguage\":\"en-US\",\"@id\":\"https:\/\/terraparque.tur.br\/noticias\/gean-sampaio-volta-ao-terra-parque-com-a-familia-para-viver-novos-momentos-no-resort-fazenda-do-vulcao\/#primaryimage\",\"url\":\"https:\/\/terraparque.tur.br\/wp-content\/uploads\/2026\/09\/Design-sem-nome-32.jpg\",\"contentUrl\":\"https:\/\/terraparque.tur.br\/wp-content\/uploads\/2026\/09\/Design-sem-nome-32.jpg\",\"width\":1600,\"height\":900,\"caption\":\"Gean Sampaio no Terra Parque\"},{\"@type\":\"BreadcrumbList\",\"@id\":\"https:\/\/terraparque.tur.br\/noticias\/gean-sampaio-volta-ao-terra-parque-com-a-familia-para-viver-novos-momentos-no-resort-fazenda-do-vulcao\/#breadcrumb\",\"itemListElement\":[{\"@type\":\"ListItem\",\"position\":1,\"name\":\"Home\",\"item\":\"https:\/\/terraparque.tur.br\/\"},{\"@type\":\"ListItem\",\"position\":2,\"name\":\"Gean Sampaio volta ao Terra Parque com a fam\u00edlia para viver novos momentos no Resort Fazenda do Vulc\u00e3o\"}]},{\"@type\":\"WebSite\",\"@id\":\"https:\/\/terraparque.tur.br\/#website\",\"url\":\"https:\/\/terraparque.tur.br\/\",\"name\":\"Terra Parque Eco Resort\",\"description\":\"\",\"publisher\":{\"@id\":\"https:\/\/terraparque.tur.br\/#organization\"},\"potentialAction\":[{\"@type\":\"SearchAction\",\"target\":{\"@type\":\"EntryPoint\",\"urlTemplate\":\"https:\/\/terraparque.tur.br\/?s={search_term_string}\"},\"query-input\":{\"@type\":\"PropertyValueSpecification\",\"valueRequired\":true,\"valueName\":\"search_term_string\"}}],\"inLanguage\":\"en-US\"},{\"@type\":\"Organization\",\"@id\":\"https:\/\/terraparque.tur.br\/#organization\",\"name\":\"Terra Parque Eco Resort\",\"url\":\"https:\/\/terraparque.tur.br\/\",\"logo\":{\"@type\":\"ImageObject\",\"inLanguage\":\"en-US\",\"@id\":\"https:\/\/terraparque.tur.br\/#\/schema\/logo\/image\/\",\"url\":\"https:\/\/terraparque.tur.br\/wp-content\/uploads\/2023\/03\/terra-favicon.png\",\"contentUrl\":\"https:\/\/terraparque.tur.br\/wp-content\/uploads\/2023\/03\/terra-favicon.png\",\"width\":512,\"height\":512,\"caption\":\"Terra Parque Eco Resort\"},\"image\":{\"@id\":\"https:\/\/terraparque.tur.br\/#\/schema\/logo\/image\/\"},\"sameAs\":[\"https:\/\/www.facebook.com\/terraparque\",\"https:\/\/www.instagram.com\/terraparque\/\",\"https:\/\/www.youtube.com\/terraparqueecoresort\",\"https:\/\/www.tiktok.com\/@terraparque\",\"https:\/\/www.tripadvisor.com.br\/Hotel_Review-g2350053-d2623441-Reviews-Terra_Parque_Eco_Resort-Pirapozinho_State_of_Sao_Paulo.html\"]},{\"@type\":\"Person\",\"@id\":\"https:\/\/terraparque.tur.br\/#\/schema\/person\/ca8647479171efc9f16dc9b4faae7567\",\"name\":\"Uzeloto\",\"image\":{\"@type\":\"ImageObject\",\"inLanguage\":\"en-US\",\"@id\":\"https:\/\/terraparque.tur.br\/#\/schema\/person\/image\/\",\"url\":\"https:\/\/secure.gravatar.com\/avatar\/51b953535fc7a41aaed46ecb560bedefc676625d296e5271944e11c0d2a481c6?s=96&d=mm&r=g\",\"contentUrl\":\"https:\/\/secure.gravatar.com\/avatar\/51b953535fc7a41aaed46ecb560bedefc676625d296e5271944e11c0d2a481c6?s=96&d=mm&r=g\",\"caption\":\"Uzeloto\"}}]}<\/script>\n<!-- \/ Yoast SEO plugin. -->","yoast_head_json":{"title":"Gean Sampaio volta ao Terra Parque com a fam\u00edlia para viver novos momentos no Resort Fazenda do Vulc\u00e3o | Terra Parque","description":"Gean Sampaio voltou ao Terra Parque Eco Resort com a fam\u00edlia. Veja como foi a segunda visita ao Resort Fazenda do Vulc\u00e3o, no interior de SP.","robots":{"index":"index","follow":"follow","max-snippet":"max-snippet:-1","max-image-preview":"max-image-preview:large","max-video-preview":"max-video-preview:-1"},"canonical":"https:\/\/terraparque.tur.br\/en\/noticias\/gean-sampaio-volta-ao-terra-parque-com-a-familia-para-viver-novos-momentos-no-resort-fazenda-do-vulcao\/","og_locale":"en_US","og_type":"article","og_title":"Gean Sampaio volta ao Terra Parque com a fam\u00edlia para viver novos momentos no Resort Fazenda do Vulc\u00e3o | Terra Parque","og_description":"Gean Sampaio voltou ao Terra Parque Eco Resort com a fam\u00edlia. Veja como foi a segunda visita ao Resort Fazenda do Vulc\u00e3o, no interior de SP.","og_url":"https:\/\/terraparque.tur.br\/en\/noticias\/gean-sampaio-volta-ao-terra-parque-com-a-familia-para-viver-novos-momentos-no-resort-fazenda-do-vulcao\/","og_site_name":"Terra Parque","article_publisher":"https:\/\/www.facebook.com\/terraparque","article_published_time":"2026-09-04T18:26:10+00:00","og_image":[{"width":1600,"height":900,"url":"https:\/\/terraparque.tur.br\/wp-content\/uploads\/2026\/09\/Design-sem-nome-32.jpg","type":"image\/jpeg"}],"author":"Uzeloto","twitter_card":"summary_large_image","twitter_misc":{"Written by":"Uzeloto","Est. reading time":"6 minutes"},"schema":{"@context":"https:\/\/schema.org","@graph":[{"@type":"Article","@id":"https:\/\/terraparque.tur.br\/noticias\/gean-sampaio-volta-ao-terra-parque-com-a-familia-para-viver-novos-momentos-no-resort-fazenda-do-vulcao\/#article","isPartOf":{"@id":"https:\/\/terraparque.tur.br\/noticias\/gean-sampaio-volta-ao-terra-parque-com-a-familia-para-viver-novos-momentos-no-resort-fazenda-do-vulcao\/"},"author":{"name":"Uzeloto","@id":"https:\/\/terraparque.tur.br\/#\/schema\/person\/ca8647479171efc9f16dc9b4faae7567"},"headline":"Gean Sampaio volta ao Terra Parque com a fam\u00edlia para viver novos momentos no Resort Fazenda do Vulc\u00e3o","datePublished":"2026-09-04T18:26:10+00:00","mainEntityOfPage":{"@id":"https:\/\/terraparque.tur.br\/noticias\/gean-sampaio-volta-ao-terra-parque-com-a-familia-para-viver-novos-momentos-no-resort-fazenda-do-vulcao\/"},"wordCount":886,"commentCount":0,"publisher":{"@id":"https:\/\/terraparque.tur.br\/#organization"},"image":{"@id":"https:\/\/terraparque.tur.br\/noticias\/gean-sampaio-volta-ao-terra-parque-com-a-familia-para-viver-novos-momentos-no-resort-fazenda-do-vulcao\/#primaryimage"},"thumbnailUrl":"https:\/\/terraparque.tur.br\/wp-content\/uploads\/2026\/09\/Design-sem-nome-32.jpg","articleSection":["Lazer","Not\u00edcias","Viagens"],"inLanguage":"en-US","potentialAction":[{"@type":"CommentAction","name":"Comment","target":["https:\/\/terraparque.tur.br\/noticias\/gean-sampaio-volta-ao-terra-parque-com-a-familia-para-viver-novos-momentos-no-resort-fazenda-do-vulcao\/#respond"]}]},{"@type":"WebPage","@id":"https:\/\/terraparque.tur.br\/noticias\/gean-sampaio-volta-ao-terra-parque-com-a-familia-para-viver-novos-momentos-no-resort-fazenda-do-vulcao\/","url":"https:\/\/terraparque.tur.br\/noticias\/gean-sampaio-volta-ao-terra-parque-com-a-familia-para-viver-novos-momentos-no-resort-fazenda-do-vulcao\/","name":"Gean Sampaio volta ao Terra Parque com a fam\u00edlia para viver novos momentos no Resort Fazenda do Vulc\u00e3o | Terra Parque","isPartOf":{"@id":"https:\/\/terraparque.tur.br\/#website"},"primaryImageOfPage":{"@id":"https:\/\/terraparque.tur.br\/noticias\/gean-sampaio-volta-ao-terra-parque-com-a-familia-para-viver-novos-momentos-no-resort-fazenda-do-vulcao\/#primaryimage"},"image":{"@id":"https:\/\/terraparque.tur.br\/noticias\/gean-sampaio-volta-ao-terra-parque-com-a-familia-para-viver-novos-momentos-no-resort-fazenda-do-vulcao\/#primaryimage"},"thumbnailUrl":"https:\/\/terraparque.tur.br\/wp-content\/uploads\/2026\/09\/Design-sem-nome-32.jpg","datePublished":"2026-09-04T18:26:10+00:00","description":"Gean Sampaio voltou ao Terra Parque Eco Resort com a fam\u00edlia. Veja como foi a segunda visita ao Resort Fazenda do Vulc\u00e3o, no interior de SP.","breadcrumb":{"@id":"https:\/\/terraparque.tur.br\/noticias\/gean-sampaio-volta-ao-terra-parque-com-a-familia-para-viver-novos-momentos-no-resort-fazenda-do-vulcao\/#breadcrumb"},"inLanguage":"en-US","potentialAction":[{"@type":"ReadAction","target":["https:\/\/terraparque.tur.br\/noticias\/gean-sampaio-volta-ao-terra-parque-com-a-familia-para-viver-novos-momentos-no-resort-fazenda-do-vulcao\/"]}]},{"@type":"ImageObject","inLanguage":"en-US","@id":"https:\/\/terraparque.tur.br\/noticias\/gean-sampaio-volta-ao-terra-parque-com-a-familia-para-viver-novos-momentos-no-resort-fazenda-do-vulcao\/#primaryimage","url":"https:\/\/terraparque.tur.br\/wp-content\/uploads\/2026\/09\/Design-sem-nome-32.jpg","contentUrl":"https:\/\/terraparque.tur.br\/wp-content\/uploads\/2026\/09\/Design-sem-nome-32.jpg","width":1600,"height":900,"caption":"Gean Sampaio no Terra Parque"},{"@type":"BreadcrumbList","@id":"https:\/\/terraparque.tur.br\/noticias\/gean-sampaio-volta-ao-terra-parque-com-a-familia-para-viver-novos-momentos-no-resort-fazenda-do-vulcao\/#breadcrumb","itemListElement":[{"@type":"ListItem","position":1,"name":"Home","item":"https:\/\/terraparque.tur.br\/"},{"@type":"ListItem","position":2,"name":"Gean Sampaio volta ao Terra Parque com a fam\u00edlia para viver novos momentos no Resort Fazenda do Vulc\u00e3o"}]},{"@type":"WebSite","@id":"https:\/\/terraparque.tur.br\/#website","url":"https:\/\/terraparque.tur.br\/","name":"Terra Parque Eco Resort","description":"","publisher":{"@id":"https:\/\/terraparque.tur.br\/#organization"},"potentialAction":[{"@type":"SearchAction","target":{"@type":"EntryPoint","urlTemplate":"https:\/\/terraparque.tur.br\/?s={search_term_string}"},"query-input":{"@type":"PropertyValueSpecification","valueRequired":true,"valueName":"search_term_string"}}],"inLanguage":"en-US"},{"@type":"Organization","@id":"https:\/\/terraparque.tur.br\/#organization","name":"Terra Parque Eco Resort","url":"https:\/\/terraparque.tur.br\/","logo":{"@type":"ImageObject","inLanguage":"en-US","@id":"https:\/\/terraparque.tur.br\/#\/schema\/logo\/image\/","url":"https:\/\/terraparque.tur.br\/wp-content\/uploads\/2023\/03\/terra-favicon.png","contentUrl":"https:\/\/terraparque.tur.br\/wp-content\/uploads\/2023\/03\/terra-favicon.png","width":512,"height":512,"caption":"Terra Parque Eco Resort"},"image":{"@id":"https:\/\/terraparque.tur.br\/#\/schema\/logo\/image\/"},"sameAs":["https:\/\/www.facebook.com\/terraparque","https:\/\/www.instagram.com\/terraparque\/","https:\/\/www.youtube.com\/terraparqueecoresort","https:\/\/www.tiktok.com\/@terraparque","https:\/\/www.tripadvisor.com.br\/Hotel_Review-g2350053-d2623441-Reviews-Terra_Parque_Eco_Resort-Pirapozinho_State_of_Sao_Paulo.html"]},{"@type":"Person","@id":"https:\/\/terraparque.tur.br\/#\/schema\/person\/ca8647479171efc9f16dc9b4faae7567","name":"Uzeloto","image":{"@type":"ImageObject","inLanguage":"en-US","@id":"https:\/\/terraparque.tur.br\/#\/schema\/person\/image\/","url":"https:\/\/secure.gravatar.com\/avatar\/51b953535fc7a41aaed46ecb560bedefc676625d296e5271944e11c0d2a481c6?s=96&d=mm&r=g","contentUrl":"https:\/\/secure.gravatar.com\/avatar\/51b953535fc7a41aaed46ecb560bedefc676625d296e5271944e11c0d2a481c6?s=96&d=mm&r=g","caption":"Uzeloto"}}]}},"_links":{"self":[{"href":"https:\/\/terraparque.tur.br\/en\/wp-json\/wp\/v2\/posts\/6974","targetHints":{"allow":["GET"]}}],"collection":[{"href":"https:\/\/terraparque.tur.br\/en\/wp-json\/wp\/v2\/posts"}],"about":[{"href":"https:\/\/terraparque.tur.br\/en\/wp-json\/wp\/v2\/types\/post"}],"author":[{"embeddable":true,"href":"https:\/\/terraparque.tur.br\/en\/wp-json\/wp\/v2\/users\/7"}],"replies":[{"embeddable":true,"href":"https:\/\/terraparque.tur.br\/en\/wp-json\/wp\/v2\/comments?post=6974"}],"version-history":[{"count":0,"href":"https:\/\/terraparque.tur.br\/en\/wp-json\/wp\/v2\/posts\/6974\/revisions"}],"wp:featuredmedia":[{"embeddable":true,"href":"https:\/\/terraparque.tur.br\/en\/wp-json\/wp\/v2\/media\/6975"}],"wp:attachment":[{"href":"https:\/\/terraparque.tur.br\/en\/wp-json\/wp\/v2\/media?parent=6974"}],"wp:term":[{"taxonomy":"category","embeddable":true,"href":"https:\/\/terraparque.tur.br\/en\/wp-json\/wp\/v2\/categories?post=6974"}],"curies":[{"name":"wp","href":"https:\/\/api.w.org\/{rel}","templated":true}]}}