{"id":6960,"date":"2026-08-31T16:13:17","date_gmt":"2026-08-31T19:13:17","guid":{"rendered":"https:\/\/terraparque.tur.br\/?p=6960"},"modified":"2026-08-31T16:13:17","modified_gmt":"2026-08-31T19:13:17","slug":"vinicius-theophilo-retorna-ao-terra-parque-com-a-familia-e-comemora-mesversario-da-filha-em-um-vulcao","status":"publish","type":"post","link":"https:\/\/terraparque.tur.br\/en\/noticias\/vinicius-theophilo-retorna-ao-terra-parque-com-a-familia-e-comemora-mesversario-da-filha-em-um-vulcao\/","title":{"rendered":"Vinicius Theophilo retorna ao Terra Parque com a fam\u00edlia e comemora mesvers\u00e1rio da filha em um vulc\u00e3o"},"content":{"rendered":"<p><span style=\"font-weight: 400;\">Alguns destinos acabam fazendo parte de diferentes momentos da vida. Para Vinicius Theophilo, o Terra Parque Eco Resort \u00e9 um deles.<\/span><\/p>\n<p><span style=\"font-weight: 400;\">O criador de conte\u00fado voltou ao Resort Fazenda do Vulc\u00e3o acompanhado de Brenda e da filha Mait\u00ea para aproveitar alguns dias em fam\u00edlia. A visita marca o retorno de Vinicius a um lugar que j\u00e1 havia sido cen\u00e1rio de uma hist\u00f3ria especial em sua trajet\u00f3ria.<\/span><\/p>\n<p><span style=\"font-weight: 400;\">Na primeira vez em que esteve no Terra Parque, Vinicius participou de um momento que entrou para a hist\u00f3ria do resort: Ele e Brenda, revelaram o sexo de sua primeira filha no primeiro ch\u00e1 revela\u00e7\u00e3o realizado utilizando o Vulc\u00e3o.<\/span><\/p>\n<p><span style=\"font-weight: 400;\">Agora, o cen\u00e1rio \u00e9 conhecido, mas a fase \u00e9 outra.<\/span><\/p>\n<h2><b>Vinicius Theophilo volta ao Terra Parque em fam\u00edlia<\/b><\/h2>\n<p><img decoding=\"async\" class=\"alignnone  wp-image-6962 img-fluid\" src=\"https:\/\/terraparque.tur.br\/wp-content\/uploads\/2026\/08\/Design-sem-nome-26-1.jpg\" alt=\"Vinicius Theophilo no Terra Parque\" width=\"599\" height=\"337\" srcset=\"https:\/\/terraparque.tur.br\/wp-content\/uploads\/2026\/08\/Design-sem-nome-26-1.jpg 1600w, https:\/\/terraparque.tur.br\/wp-content\/uploads\/2026\/08\/Design-sem-nome-26-1-768x432.jpg 768w, https:\/\/terraparque.tur.br\/wp-content\/uploads\/2026\/08\/Design-sem-nome-26-1-1536x864.jpg 1536w, https:\/\/terraparque.tur.br\/wp-content\/uploads\/2026\/08\/Design-sem-nome-26-1-18x10.jpg 18w\" sizes=\"(max-width: 599px) 100vw, 599px\" \/><\/p>\n<p><span style=\"font-weight: 400;\">Nesta segunda passagem pelo resort, Vinicius p\u00f4de conhecer o Terra Parque sob uma nova perspectiva.<\/span><\/p>\n<p><span style=\"font-weight: 400;\">Ao lado de Brenda e Mait\u00ea, a viagem ganhou um clima familiar, com momentos de divers\u00e3o, descanso e conviv\u00eancia em meio \u00e0 estrutura do resort.<\/span><\/p>\n<p><span style=\"font-weight: 400;\">Viajar com uma crian\u00e7a tamb\u00e9m muda a maneira de aproveitar cada espa\u00e7o. Piscinas, \u00e1reas de lazer, natureza e ambientes pensados para os pequenos passam a fazer parte de uma experi\u00eancia vivida por toda a fam\u00edlia.<\/span><\/p>\n<p><span style=\"font-weight: 400;\">E foi justamente essa nova fase que tornou o retorno ainda mais especial.<\/span><\/p>\n<h2><b>Do primeiro ch\u00e1 revela\u00e7\u00e3o no Vulc\u00e3o a uma nova hist\u00f3ria<\/b><\/h2>\n<p><img decoding=\"async\" class=\"alignnone  wp-image-6961 img-fluid\" src=\"https:\/\/terraparque.tur.br\/wp-content\/uploads\/2026\/08\/Design-sem-nome-25-1.jpg\" alt=\"Vinicius Theophilo no Terra Parque\" width=\"600\" height=\"450\" srcset=\"https:\/\/terraparque.tur.br\/wp-content\/uploads\/2026\/08\/Design-sem-nome-25-1.jpg 1600w, https:\/\/terraparque.tur.br\/wp-content\/uploads\/2026\/08\/Design-sem-nome-25-1-768x576.jpg 768w, https:\/\/terraparque.tur.br\/wp-content\/uploads\/2026\/08\/Design-sem-nome-25-1-1536x1152.jpg 1536w, https:\/\/terraparque.tur.br\/wp-content\/uploads\/2026\/08\/Design-sem-nome-25-1-16x12.jpg 16w\" sizes=\"(max-width: 600px) 100vw, 600px\" \/><\/p>\n<p><span style=\"font-weight: 400;\">A rela\u00e7\u00e3o de Vinicius com o Terra Parque come\u00e7ou de uma maneira bastante diferente.<\/span><\/p>\n<p><span style=\"font-weight: 400;\">Durante sua primeira visita, o Vulc\u00e3o foi cen\u00e1rio de uma produ\u00e7\u00e3o de ch\u00e1 revela\u00e7\u00e3o, transformando uma das atra\u00e7\u00f5es mais conhecidas do resort em parte de um momento cheio de expectativa e surpresa.<\/span><\/p>\n<p><span style=\"font-weight: 400;\">A experi\u00eancia tamb\u00e9m marcou o primeiro ch\u00e1 revela\u00e7\u00e3o realizado utilizando o Vulc\u00e3o do Terra Parque.<\/span><\/p>\n<p><span style=\"font-weight: 400;\">A conex\u00e3o entre as duas visitas ajuda a mostrar como um mesmo lugar pode ganhar novos significados ao longo do tempo. Antes, o Vulc\u00e3o fazia parte de um momento de descoberta. Agora, o Terra Parque se tornou cen\u00e1rio para dias vividos em fam\u00edlia.<\/span><\/p>\n<p><span style=\"font-weight: 400;\">A viagem tamb\u00e9m ganhou um motivo ainda mais especial: durante a estadia, Vinicius e Brenda comemoraram no Terra Parque o 4\u00ba mesvers\u00e1rio de Mait\u00ea. O momento deixou a visita ainda mais simb\u00f3lica, transformando o resort em cen\u00e1rio de mais uma lembran\u00e7a importante para a fam\u00edlia e refor\u00e7ando a conex\u00e3o de Vinicius com um lugar que j\u00e1 havia participado de outros cap\u00edtulos marcantes da sua hist\u00f3ria.\u00a0<\/span><\/p>\n<p><img decoding=\"async\" class=\"alignnone  wp-image-6963 img-fluid\" src=\"https:\/\/terraparque.tur.br\/wp-content\/uploads\/2026\/08\/DEPOSITO-5.jpg\" alt=\"Vinicius Theophilo no Terra Parque\" width=\"500\" height=\"625\" srcset=\"https:\/\/terraparque.tur.br\/wp-content\/uploads\/2026\/08\/DEPOSITO-5.jpg 1080w, https:\/\/terraparque.tur.br\/wp-content\/uploads\/2026\/08\/DEPOSITO-5-768x960.jpg 768w, https:\/\/terraparque.tur.br\/wp-content\/uploads\/2026\/08\/DEPOSITO-5-10x12.jpg 10w\" sizes=\"(max-width: 500px) 100vw, 500px\" \/><\/p>\n<h2><b>Uma experi\u00eancia para aproveitar com crian\u00e7as<\/b><\/h2>\n<p><span style=\"font-weight: 400;\">Durante a estadia, a fam\u00edlia encontrou diferentes op\u00e7\u00f5es para aproveitar o resort com Mait\u00ea.<\/span><\/p>\n<p><span style=\"font-weight: 400;\">O Terra Parque conta com espa\u00e7os e atra\u00e7\u00f5es pensados para receber fam\u00edlias com crian\u00e7as de diferentes idades, incluindo piscinas climatizadas, \u00e1reas infantis, playgrounds e ambientes voltados aos pequenos.<\/span><\/p>\n<p><span style=\"font-weight: 400;\">Al\u00e9m da estrutura aqu\u00e1tica, a programa\u00e7\u00e3o re\u00fane recrea\u00e7\u00e3o, contato com a natureza e diferentes possibilidades de lazer ao longo do dia.<\/span><\/p>\n<p><span style=\"font-weight: 400;\">Para quem est\u00e1 com crian\u00e7as menores, espa\u00e7os como o Cantinho do Nen\u00e9m ajudam a deixar a experi\u00eancia ainda mais confort\u00e1vel para toda a fam\u00edlia.<\/span><\/p>\n<h2><b>Piscinas, natureza e clima de fazenda<\/b><\/h2>\n<p><span style=\"font-weight: 400;\">Um dos principais destaques do Terra Parque \u00e9 justamente a variedade de experi\u00eancias reunidas dentro da propriedade.<\/span><\/p>\n<p><span style=\"font-weight: 400;\">O complexo aqu\u00e1tico conta com piscinas e tobo\u00e1guas para diferentes idades, al\u00e9m de espa\u00e7os para quem prefere desacelerar e aproveitar momentos mais tranquilos.<\/span><\/p>\n<p><span style=\"font-weight: 400;\">Fora das piscinas, o clima do interior tamb\u00e9m faz parte da experi\u00eancia.<\/span><\/p>\n<p><span style=\"font-weight: 400;\">\u00c1reas verdes, animais, Fazendinha e atividades ligadas ao turismo rural aproximam as fam\u00edlias da natureza e criam oportunidades para que as crian\u00e7as descubram um pouco mais sobre a vida no campo.<\/span><\/p>\n<p><span style=\"font-weight: 400;\">A gastronomia completa a estadia, com caf\u00e9 da manh\u00e3, almo\u00e7o e jantar dentro do regime de pens\u00e3o completa, al\u00e9m das bebidas inclu\u00eddas durante as refei\u00e7\u00f5es de acordo com cada pacote.<\/span><\/p>\n<h2><b>Uma segunda visita com um novo significado<\/b><\/h2>\n<p><span style=\"font-weight: 400;\">Voltar a um destino conhecido pode ser uma experi\u00eancia completamente diferente quando a vida tamb\u00e9m mudou.<\/span><\/p>\n<p><span style=\"font-weight: 400;\">Para Vinicius Theophilo, a segunda passagem pelo Terra Parque trouxe justamente essa sensa\u00e7\u00e3o.<\/span><\/p>\n<p><span style=\"font-weight: 400;\">Desta vez, ao lado de Brenda e Mait\u00ea, ele p\u00f4de redescobrir o Resort Fazenda do Vulc\u00e3o em fam\u00edlia e construir novas mem\u00f3rias em um lugar que j\u00e1 havia participado de outro momento marcante da sua hist\u00f3ria.<\/span><\/p>\n<p><span style=\"font-weight: 400;\">Entre divers\u00e3o, natureza e tempo juntos, a visita mostrou que alguns lugares n\u00e3o ficam ligados a apenas uma viagem.<\/span><\/p>\n<p><span style=\"font-weight: 400;\">Eles acompanham novas fases, novas hist\u00f3rias e novas pessoas.<\/span><\/p>\n<h2><b>About Terra Parque<\/b><\/h2>\n<p><span style=\"font-weight: 400;\">Terra Parque Eco Resort is located in the countryside of S\u00e3o Paulo, just 10 minutes from Presidente Prudente Airport. In addition, the resort features a green area of over 324,000 square meters and more than 201 air-conditioned apartments designed to provide comfort and convenience. The resort offers an impressive water complex, including 11 pools, 7 waterslides, a hot tub, a bubbling pool, heated pools, and a safe and climate-controlled children\u2019s water playground. Therefore, if you would like to experience everything Terra Parque Eco Resort has to offer, visit the website<\/span><a href=\"https:\/\/terraparque.tur.br\/en\/\"> <b>terraparque.com<\/b><\/a><span style=\"font-weight: 400;\"> or contact us via<\/span><a href=\"https:\/\/api.whatsapp.com\/send\/?phone=5518997301085&amp;text&amp;type=phone_number&amp;app_absent=0\"> <b>WhatsApp (18) 99730-108<\/b><\/a><b>5<\/b><span style=\"font-weight: 400;\">. Come discover why Terra Parque is the right choice for so many people as their destination for leisure and relaxation.<\/span><\/p>","protected":false},"excerpt":{"rendered":"<p>Alguns destinos acabam fazendo parte de diferentes momentos da vida. Para Vinicius Theophilo, o Terra Parque Eco Resort&#8230;<\/p>","protected":false},"author":7,"featured_media":6962,"comment_status":"open","ping_status":"closed","sticky":false,"template":"","format":"standard","meta":{"footnotes":""},"categories":[135,125,121],"class_list":["post-6960","post","type-post","status-publish","format-standard","has-post-thumbnail","hentry","category-noticias","category-sociais","category-turismo"],"yoast_head":"<!-- This site is optimized with the Yoast SEO plugin v25.7 - https:\/\/yoast.com\/wordpress\/plugins\/seo\/ -->\n<title>Vinicius Theophilo retorna ao Terra Parque com a fam\u00edlia e comemora mesvers\u00e1rio da filha em um vulc\u00e3o | Terra Parque<\/title>\n<meta name=\"description\" content=\"Vinicius Theophilo retorna ao Terra Parque com fam\u00edlia, meses depois de participar do primeiro ch\u00e1 revela\u00e7\u00e3o realizado no Vulc\u00e3o.\" \/>\n<meta name=\"robots\" content=\"index, follow, max-snippet:-1, max-image-preview:large, max-video-preview:-1\" \/>\n<link rel=\"canonical\" href=\"https:\/\/terraparque.tur.br\/en\/noticias\/vinicius-theophilo-retorna-ao-terra-parque-com-a-familia-e-comemora-mesversario-da-filha-em-um-vulcao\/\" \/>\n<meta property=\"og:locale\" content=\"en_US\" \/>\n<meta property=\"og:type\" content=\"article\" \/>\n<meta property=\"og:title\" content=\"Vinicius Theophilo retorna ao Terra Parque com a fam\u00edlia e comemora mesvers\u00e1rio da filha em um vulc\u00e3o | Terra Parque\" \/>\n<meta property=\"og:description\" content=\"Vinicius Theophilo retorna ao Terra Parque com fam\u00edlia, meses depois de participar do primeiro ch\u00e1 revela\u00e7\u00e3o realizado no Vulc\u00e3o.\" \/>\n<meta property=\"og:url\" content=\"https:\/\/terraparque.tur.br\/en\/noticias\/vinicius-theophilo-retorna-ao-terra-parque-com-a-familia-e-comemora-mesversario-da-filha-em-um-vulcao\/\" \/>\n<meta property=\"og:site_name\" content=\"Terra Parque\" \/>\n<meta property=\"article:publisher\" content=\"https:\/\/www.facebook.com\/terraparque\" \/>\n<meta property=\"article:published_time\" content=\"2026-08-31T19:13:17+00:00\" \/>\n<meta property=\"og:image\" content=\"https:\/\/terraparque.tur.br\/wp-content\/uploads\/2026\/08\/Design-sem-nome-26-1.jpg\" \/>\n\t<meta property=\"og:image:width\" content=\"1600\" \/>\n\t<meta property=\"og:image:height\" content=\"900\" \/>\n\t<meta property=\"og:image:type\" content=\"image\/jpeg\" \/>\n<meta name=\"author\" content=\"Uzeloto\" \/>\n<meta name=\"twitter:card\" content=\"summary_large_image\" \/>\n<meta name=\"twitter:label1\" content=\"Written by\" \/>\n\t<meta name=\"twitter:data1\" content=\"Uzeloto\" \/>\n\t<meta name=\"twitter:label2\" content=\"Est. reading time\" \/>\n\t<meta name=\"twitter:data2\" content=\"6 minutes\" \/>\n<script type=\"application\/ld+json\" class=\"yoast-schema-graph\">{\"@context\":\"https:\/\/schema.org\",\"@graph\":[{\"@type\":\"Article\",\"@id\":\"https:\/\/terraparque.tur.br\/noticias\/vinicius-theophilo-retorna-ao-terra-parque-com-a-familia-e-comemora-mesversario-da-filha-em-um-vulcao\/#article\",\"isPartOf\":{\"@id\":\"https:\/\/terraparque.tur.br\/noticias\/vinicius-theophilo-retorna-ao-terra-parque-com-a-familia-e-comemora-mesversario-da-filha-em-um-vulcao\/\"},\"author\":{\"name\":\"Uzeloto\",\"@id\":\"https:\/\/terraparque.tur.br\/#\/schema\/person\/ca8647479171efc9f16dc9b4faae7567\"},\"headline\":\"Vinicius Theophilo retorna ao Terra Parque com a fam\u00edlia e comemora mesvers\u00e1rio da filha em um vulc\u00e3o\",\"datePublished\":\"2026-08-31T19:13:17+00:00\",\"mainEntityOfPage\":{\"@id\":\"https:\/\/terraparque.tur.br\/noticias\/vinicius-theophilo-retorna-ao-terra-parque-com-a-familia-e-comemora-mesversario-da-filha-em-um-vulcao\/\"},\"wordCount\":928,\"commentCount\":0,\"publisher\":{\"@id\":\"https:\/\/terraparque.tur.br\/#organization\"},\"image\":{\"@id\":\"https:\/\/terraparque.tur.br\/noticias\/vinicius-theophilo-retorna-ao-terra-parque-com-a-familia-e-comemora-mesversario-da-filha-em-um-vulcao\/#primaryimage\"},\"thumbnailUrl\":\"https:\/\/terraparque.tur.br\/wp-content\/uploads\/2026\/08\/Design-sem-nome-26-1.jpg\",\"articleSection\":[\"Not\u00edcias\",\"Sociais\",\"Turismo\"],\"inLanguage\":\"en-US\",\"potentialAction\":[{\"@type\":\"CommentAction\",\"name\":\"Comment\",\"target\":[\"https:\/\/terraparque.tur.br\/noticias\/vinicius-theophilo-retorna-ao-terra-parque-com-a-familia-e-comemora-mesversario-da-filha-em-um-vulcao\/#respond\"]}]},{\"@type\":\"WebPage\",\"@id\":\"https:\/\/terraparque.tur.br\/noticias\/vinicius-theophilo-retorna-ao-terra-parque-com-a-familia-e-comemora-mesversario-da-filha-em-um-vulcao\/\",\"url\":\"https:\/\/terraparque.tur.br\/noticias\/vinicius-theophilo-retorna-ao-terra-parque-com-a-familia-e-comemora-mesversario-da-filha-em-um-vulcao\/\",\"name\":\"Vinicius Theophilo retorna ao Terra Parque com a fam\u00edlia e comemora mesvers\u00e1rio da filha em um vulc\u00e3o | Terra Parque\",\"isPartOf\":{\"@id\":\"https:\/\/terraparque.tur.br\/#website\"},\"primaryImageOfPage\":{\"@id\":\"https:\/\/terraparque.tur.br\/noticias\/vinicius-theophilo-retorna-ao-terra-parque-com-a-familia-e-comemora-mesversario-da-filha-em-um-vulcao\/#primaryimage\"},\"image\":{\"@id\":\"https:\/\/terraparque.tur.br\/noticias\/vinicius-theophilo-retorna-ao-terra-parque-com-a-familia-e-comemora-mesversario-da-filha-em-um-vulcao\/#primaryimage\"},\"thumbnailUrl\":\"https:\/\/terraparque.tur.br\/wp-content\/uploads\/2026\/08\/Design-sem-nome-26-1.jpg\",\"datePublished\":\"2026-08-31T19:13:17+00:00\",\"description\":\"Vinicius Theophilo retorna ao Terra Parque com fam\u00edlia, meses depois de participar do primeiro ch\u00e1 revela\u00e7\u00e3o realizado no Vulc\u00e3o.\",\"breadcrumb\":{\"@id\":\"https:\/\/terraparque.tur.br\/noticias\/vinicius-theophilo-retorna-ao-terra-parque-com-a-familia-e-comemora-mesversario-da-filha-em-um-vulcao\/#breadcrumb\"},\"inLanguage\":\"en-US\",\"potentialAction\":[{\"@type\":\"ReadAction\",\"target\":[\"https:\/\/terraparque.tur.br\/noticias\/vinicius-theophilo-retorna-ao-terra-parque-com-a-familia-e-comemora-mesversario-da-filha-em-um-vulcao\/\"]}]},{\"@type\":\"ImageObject\",\"inLanguage\":\"en-US\",\"@id\":\"https:\/\/terraparque.tur.br\/noticias\/vinicius-theophilo-retorna-ao-terra-parque-com-a-familia-e-comemora-mesversario-da-filha-em-um-vulcao\/#primaryimage\",\"url\":\"https:\/\/terraparque.tur.br\/wp-content\/uploads\/2026\/08\/Design-sem-nome-26-1.jpg\",\"contentUrl\":\"https:\/\/terraparque.tur.br\/wp-content\/uploads\/2026\/08\/Design-sem-nome-26-1.jpg\",\"width\":1600,\"height\":900,\"caption\":\"Vinicius Theophilo no Terra Parque\"},{\"@type\":\"BreadcrumbList\",\"@id\":\"https:\/\/terraparque.tur.br\/noticias\/vinicius-theophilo-retorna-ao-terra-parque-com-a-familia-e-comemora-mesversario-da-filha-em-um-vulcao\/#breadcrumb\",\"itemListElement\":[{\"@type\":\"ListItem\",\"position\":1,\"name\":\"Home\",\"item\":\"https:\/\/terraparque.tur.br\/\"},{\"@type\":\"ListItem\",\"position\":2,\"name\":\"Vinicius Theophilo retorna ao Terra Parque com a fam\u00edlia e comemora mesvers\u00e1rio da filha em um vulc\u00e3o\"}]},{\"@type\":\"WebSite\",\"@id\":\"https:\/\/terraparque.tur.br\/#website\",\"url\":\"https:\/\/terraparque.tur.br\/\",\"name\":\"Terra Parque Eco Resort\",\"description\":\"\",\"publisher\":{\"@id\":\"https:\/\/terraparque.tur.br\/#organization\"},\"potentialAction\":[{\"@type\":\"SearchAction\",\"target\":{\"@type\":\"EntryPoint\",\"urlTemplate\":\"https:\/\/terraparque.tur.br\/?s={search_term_string}\"},\"query-input\":{\"@type\":\"PropertyValueSpecification\",\"valueRequired\":true,\"valueName\":\"search_term_string\"}}],\"inLanguage\":\"en-US\"},{\"@type\":\"Organization\",\"@id\":\"https:\/\/terraparque.tur.br\/#organization\",\"name\":\"Terra Parque Eco Resort\",\"url\":\"https:\/\/terraparque.tur.br\/\",\"logo\":{\"@type\":\"ImageObject\",\"inLanguage\":\"en-US\",\"@id\":\"https:\/\/terraparque.tur.br\/#\/schema\/logo\/image\/\",\"url\":\"https:\/\/terraparque.tur.br\/wp-content\/uploads\/2023\/03\/terra-favicon.png\",\"contentUrl\":\"https:\/\/terraparque.tur.br\/wp-content\/uploads\/2023\/03\/terra-favicon.png\",\"width\":512,\"height\":512,\"caption\":\"Terra Parque Eco Resort\"},\"image\":{\"@id\":\"https:\/\/terraparque.tur.br\/#\/schema\/logo\/image\/\"},\"sameAs\":[\"https:\/\/www.facebook.com\/terraparque\",\"https:\/\/www.instagram.com\/terraparque\/\",\"https:\/\/www.youtube.com\/terraparqueecoresort\",\"https:\/\/www.tiktok.com\/@terraparque\",\"https:\/\/www.tripadvisor.com.br\/Hotel_Review-g2350053-d2623441-Reviews-Terra_Parque_Eco_Resort-Pirapozinho_State_of_Sao_Paulo.html\"]},{\"@type\":\"Person\",\"@id\":\"https:\/\/terraparque.tur.br\/#\/schema\/person\/ca8647479171efc9f16dc9b4faae7567\",\"name\":\"Uzeloto\",\"image\":{\"@type\":\"ImageObject\",\"inLanguage\":\"en-US\",\"@id\":\"https:\/\/terraparque.tur.br\/#\/schema\/person\/image\/\",\"url\":\"https:\/\/secure.gravatar.com\/avatar\/51b953535fc7a41aaed46ecb560bedefc676625d296e5271944e11c0d2a481c6?s=96&d=mm&r=g\",\"contentUrl\":\"https:\/\/secure.gravatar.com\/avatar\/51b953535fc7a41aaed46ecb560bedefc676625d296e5271944e11c0d2a481c6?s=96&d=mm&r=g\",\"caption\":\"Uzeloto\"}}]}<\/script>\n<!-- \/ Yoast SEO plugin. -->","yoast_head_json":{"title":"Vinicius Theophilo retorna ao Terra Parque com a fam\u00edlia e comemora mesvers\u00e1rio da filha em um vulc\u00e3o | Terra Parque","description":"Vinicius Theophilo retorna ao Terra Parque com fam\u00edlia, meses depois de participar do primeiro ch\u00e1 revela\u00e7\u00e3o realizado no Vulc\u00e3o.","robots":{"index":"index","follow":"follow","max-snippet":"max-snippet:-1","max-image-preview":"max-image-preview:large","max-video-preview":"max-video-preview:-1"},"canonical":"https:\/\/terraparque.tur.br\/en\/noticias\/vinicius-theophilo-retorna-ao-terra-parque-com-a-familia-e-comemora-mesversario-da-filha-em-um-vulcao\/","og_locale":"en_US","og_type":"article","og_title":"Vinicius Theophilo retorna ao Terra Parque com a fam\u00edlia e comemora mesvers\u00e1rio da filha em um vulc\u00e3o | Terra Parque","og_description":"Vinicius Theophilo retorna ao Terra Parque com fam\u00edlia, meses depois de participar do primeiro ch\u00e1 revela\u00e7\u00e3o realizado no Vulc\u00e3o.","og_url":"https:\/\/terraparque.tur.br\/en\/noticias\/vinicius-theophilo-retorna-ao-terra-parque-com-a-familia-e-comemora-mesversario-da-filha-em-um-vulcao\/","og_site_name":"Terra Parque","article_publisher":"https:\/\/www.facebook.com\/terraparque","article_published_time":"2026-08-31T19:13:17+00:00","og_image":[{"width":1600,"height":900,"url":"https:\/\/terraparque.tur.br\/wp-content\/uploads\/2026\/08\/Design-sem-nome-26-1.jpg","type":"image\/jpeg"}],"author":"Uzeloto","twitter_card":"summary_large_image","twitter_misc":{"Written by":"Uzeloto","Est. reading time":"6 minutes"},"schema":{"@context":"https:\/\/schema.org","@graph":[{"@type":"Article","@id":"https:\/\/terraparque.tur.br\/noticias\/vinicius-theophilo-retorna-ao-terra-parque-com-a-familia-e-comemora-mesversario-da-filha-em-um-vulcao\/#article","isPartOf":{"@id":"https:\/\/terraparque.tur.br\/noticias\/vinicius-theophilo-retorna-ao-terra-parque-com-a-familia-e-comemora-mesversario-da-filha-em-um-vulcao\/"},"author":{"name":"Uzeloto","@id":"https:\/\/terraparque.tur.br\/#\/schema\/person\/ca8647479171efc9f16dc9b4faae7567"},"headline":"Vinicius Theophilo retorna ao Terra Parque com a fam\u00edlia e comemora mesvers\u00e1rio da filha em um vulc\u00e3o","datePublished":"2026-08-31T19:13:17+00:00","mainEntityOfPage":{"@id":"https:\/\/terraparque.tur.br\/noticias\/vinicius-theophilo-retorna-ao-terra-parque-com-a-familia-e-comemora-mesversario-da-filha-em-um-vulcao\/"},"wordCount":928,"commentCount":0,"publisher":{"@id":"https:\/\/terraparque.tur.br\/#organization"},"image":{"@id":"https:\/\/terraparque.tur.br\/noticias\/vinicius-theophilo-retorna-ao-terra-parque-com-a-familia-e-comemora-mesversario-da-filha-em-um-vulcao\/#primaryimage"},"thumbnailUrl":"https:\/\/terraparque.tur.br\/wp-content\/uploads\/2026\/08\/Design-sem-nome-26-1.jpg","articleSection":["Not\u00edcias","Sociais","Turismo"],"inLanguage":"en-US","potentialAction":[{"@type":"CommentAction","name":"Comment","target":["https:\/\/terraparque.tur.br\/noticias\/vinicius-theophilo-retorna-ao-terra-parque-com-a-familia-e-comemora-mesversario-da-filha-em-um-vulcao\/#respond"]}]},{"@type":"WebPage","@id":"https:\/\/terraparque.tur.br\/noticias\/vinicius-theophilo-retorna-ao-terra-parque-com-a-familia-e-comemora-mesversario-da-filha-em-um-vulcao\/","url":"https:\/\/terraparque.tur.br\/noticias\/vinicius-theophilo-retorna-ao-terra-parque-com-a-familia-e-comemora-mesversario-da-filha-em-um-vulcao\/","name":"Vinicius Theophilo retorna ao Terra Parque com a fam\u00edlia e comemora mesvers\u00e1rio da filha em um vulc\u00e3o | Terra Parque","isPartOf":{"@id":"https:\/\/terraparque.tur.br\/#website"},"primaryImageOfPage":{"@id":"https:\/\/terraparque.tur.br\/noticias\/vinicius-theophilo-retorna-ao-terra-parque-com-a-familia-e-comemora-mesversario-da-filha-em-um-vulcao\/#primaryimage"},"image":{"@id":"https:\/\/terraparque.tur.br\/noticias\/vinicius-theophilo-retorna-ao-terra-parque-com-a-familia-e-comemora-mesversario-da-filha-em-um-vulcao\/#primaryimage"},"thumbnailUrl":"https:\/\/terraparque.tur.br\/wp-content\/uploads\/2026\/08\/Design-sem-nome-26-1.jpg","datePublished":"2026-08-31T19:13:17+00:00","description":"Vinicius Theophilo retorna ao Terra Parque com fam\u00edlia, meses depois de participar do primeiro ch\u00e1 revela\u00e7\u00e3o realizado no Vulc\u00e3o.","breadcrumb":{"@id":"https:\/\/terraparque.tur.br\/noticias\/vinicius-theophilo-retorna-ao-terra-parque-com-a-familia-e-comemora-mesversario-da-filha-em-um-vulcao\/#breadcrumb"},"inLanguage":"en-US","potentialAction":[{"@type":"ReadAction","target":["https:\/\/terraparque.tur.br\/noticias\/vinicius-theophilo-retorna-ao-terra-parque-com-a-familia-e-comemora-mesversario-da-filha-em-um-vulcao\/"]}]},{"@type":"ImageObject","inLanguage":"en-US","@id":"https:\/\/terraparque.tur.br\/noticias\/vinicius-theophilo-retorna-ao-terra-parque-com-a-familia-e-comemora-mesversario-da-filha-em-um-vulcao\/#primaryimage","url":"https:\/\/terraparque.tur.br\/wp-content\/uploads\/2026\/08\/Design-sem-nome-26-1.jpg","contentUrl":"https:\/\/terraparque.tur.br\/wp-content\/uploads\/2026\/08\/Design-sem-nome-26-1.jpg","width":1600,"height":900,"caption":"Vinicius Theophilo no Terra Parque"},{"@type":"BreadcrumbList","@id":"https:\/\/terraparque.tur.br\/noticias\/vinicius-theophilo-retorna-ao-terra-parque-com-a-familia-e-comemora-mesversario-da-filha-em-um-vulcao\/#breadcrumb","itemListElement":[{"@type":"ListItem","position":1,"name":"Home","item":"https:\/\/terraparque.tur.br\/"},{"@type":"ListItem","position":2,"name":"Vinicius Theophilo retorna ao Terra Parque com a fam\u00edlia e comemora mesvers\u00e1rio da filha em um vulc\u00e3o"}]},{"@type":"WebSite","@id":"https:\/\/terraparque.tur.br\/#website","url":"https:\/\/terraparque.tur.br\/","name":"Terra Parque Eco Resort","description":"","publisher":{"@id":"https:\/\/terraparque.tur.br\/#organization"},"potentialAction":[{"@type":"SearchAction","target":{"@type":"EntryPoint","urlTemplate":"https:\/\/terraparque.tur.br\/?s={search_term_string}"},"query-input":{"@type":"PropertyValueSpecification","valueRequired":true,"valueName":"search_term_string"}}],"inLanguage":"en-US"},{"@type":"Organization","@id":"https:\/\/terraparque.tur.br\/#organization","name":"Terra Parque Eco Resort","url":"https:\/\/terraparque.tur.br\/","logo":{"@type":"ImageObject","inLanguage":"en-US","@id":"https:\/\/terraparque.tur.br\/#\/schema\/logo\/image\/","url":"https:\/\/terraparque.tur.br\/wp-content\/uploads\/2023\/03\/terra-favicon.png","contentUrl":"https:\/\/terraparque.tur.br\/wp-content\/uploads\/2023\/03\/terra-favicon.png","width":512,"height":512,"caption":"Terra Parque Eco Resort"},"image":{"@id":"https:\/\/terraparque.tur.br\/#\/schema\/logo\/image\/"},"sameAs":["https:\/\/www.facebook.com\/terraparque","https:\/\/www.instagram.com\/terraparque\/","https:\/\/www.youtube.com\/terraparqueecoresort","https:\/\/www.tiktok.com\/@terraparque","https:\/\/www.tripadvisor.com.br\/Hotel_Review-g2350053-d2623441-Reviews-Terra_Parque_Eco_Resort-Pirapozinho_State_of_Sao_Paulo.html"]},{"@type":"Person","@id":"https:\/\/terraparque.tur.br\/#\/schema\/person\/ca8647479171efc9f16dc9b4faae7567","name":"Uzeloto","image":{"@type":"ImageObject","inLanguage":"en-US","@id":"https:\/\/terraparque.tur.br\/#\/schema\/person\/image\/","url":"https:\/\/secure.gravatar.com\/avatar\/51b953535fc7a41aaed46ecb560bedefc676625d296e5271944e11c0d2a481c6?s=96&d=mm&r=g","contentUrl":"https:\/\/secure.gravatar.com\/avatar\/51b953535fc7a41aaed46ecb560bedefc676625d296e5271944e11c0d2a481c6?s=96&d=mm&r=g","caption":"Uzeloto"}}]}},"_links":{"self":[{"href":"https:\/\/terraparque.tur.br\/en\/wp-json\/wp\/v2\/posts\/6960","targetHints":{"allow":["GET"]}}],"collection":[{"href":"https:\/\/terraparque.tur.br\/en\/wp-json\/wp\/v2\/posts"}],"about":[{"href":"https:\/\/terraparque.tur.br\/en\/wp-json\/wp\/v2\/types\/post"}],"author":[{"embeddable":true,"href":"https:\/\/terraparque.tur.br\/en\/wp-json\/wp\/v2\/users\/7"}],"replies":[{"embeddable":true,"href":"https:\/\/terraparque.tur.br\/en\/wp-json\/wp\/v2\/comments?post=6960"}],"version-history":[{"count":0,"href":"https:\/\/terraparque.tur.br\/en\/wp-json\/wp\/v2\/posts\/6960\/revisions"}],"wp:featuredmedia":[{"embeddable":true,"href":"https:\/\/terraparque.tur.br\/en\/wp-json\/wp\/v2\/media\/6962"}],"wp:attachment":[{"href":"https:\/\/terraparque.tur.br\/en\/wp-json\/wp\/v2\/media?parent=6960"}],"wp:term":[{"taxonomy":"category","embeddable":true,"href":"https:\/\/terraparque.tur.br\/en\/wp-json\/wp\/v2\/categories?post=6960"}],"curies":[{"name":"wp","href":"https:\/\/api.w.org\/{rel}","templated":true}]}}