{"id":6005,"date":"2025-11-04T11:28:39","date_gmt":"2025-11-04T14:28:39","guid":{"rendered":"https:\/\/terraparque.tur.br\/?p=6005"},"modified":"2025-12-03T10:49:32","modified_gmt":"2025-12-03T13:49:32","slug":"trajetoria-22-anos-do-terra-parque","status":"publish","type":"post","link":"https:\/\/terraparque.tur.br\/en\/noticias\/trajetoria-22-anos-do-terra-parque\/","title":{"rendered":"22 anos de Terra Parque: Trajet\u00f3ria de hist\u00f3rias, pessoas e prop\u00f3sito"},"content":{"rendered":"<p><span style=\"font-weight: 400;\">Time has a very special way of telling stories. For a human being, 22 years represents the beginning of adult life, with much still ahead. For the history of the world, 22 years might be no more than a grain of sand compared to all that has already happened on this planet. But for Terra Parque, 22 years is a milestone that celebrates a journey born from a simple yet grand dream, one that has transformed the lives of many people.<\/span><\/p>\n<p><span style=\"font-weight: 400;\">Looking back, despite all the modern infrastructure and technology the resort has today, some things have never changed: the love for the land, the respect for people, and the magic that happens when hospitality meets nature. That is why, in this very special celebration, we reaffirm what has always been at the heart of Terra Parque:<\/span><\/p>\n<p><span style=\"font-weight: 400;\">Our roots, our magic.<\/span><\/p>\n<p><b>A Dream That Became a Destination<\/b><\/p>\n<p><span style=\"font-weight: 400;\">The first step was a campground created to welcome families and adventurers seeking contact with nature and genuine experiences. Over the years, the couple\u2019s entrepreneurial vision, sense of innovation, and constant desire to evolve transformed that first initiative into one of the most recognized eco resorts in Brazil, the Resort Fazenda do Vulc\u00e3o, sought out by families from all over the country and remembered for its unique concept.<\/span><\/p>\n<p><span style=\"font-weight: 400;\">Terra Parque was born in 2003 when the founding couple,<\/span>J\u00falio Moraes and Sandra Yokota, decided to transform an old rural property into a space for family leisure. In the beginning, there were only a few tents, forest trails, plenty of dirt roads, and a sincere desire to offer people the same things they personally valued: connection with nature, simplicity, and heartfelt hospitality.<\/p>\n<p><span style=\"font-weight: 400;\">\u201cIn the beginning, one of our biggest challenges was the need to separate. Sandra returned to Japan and began working on other projects so we could continue investing in Terra, while I stayed here to keep managing what was then just a family campground,\u201d says J\u00falio de Moraes.<\/span><\/p>\n<p><span style=\"font-weight: 400;\">As time passed and the resort grew, came the construction and expansion of the apartments, improvements in the water complex, and the addition of new services and structures such as the spa.<\/span>In 2022, the attraction that would make Terra Parque even more unique was launched, the grand volcano, and in 2023 the resort expanded internationally with a new venture in Orlando, the Vacation Home.<\/p>\n<p><span style=\"font-weight: 400;\">But what never changed throughout this journey was its essence. Even with innovation, investments, and national recognition, our heart remains here, in the countryside where the smell of wet earth, homemade food, and the simplicity of welcoming others remain part of our identity.<\/span><\/p>\n\n<div class=\"relative\">\n  <div class=\"swiper-button-prev navigation101\"><\/div>\n  <div class=\"swiper swiperImagens swiper101\">\n    <div class=\"swiper-wrapper swiper-wrapper-imagens\">\n              <div class=\"swiper-slide placeholder-bg\">\n          <a href=\"https:\/\/terraparque.tur.br\/wp-content\/uploads\/2025\/11\/FIGURA-02-Barracas-de-camping-montadas-no-espaco-Terra-Parque.jpg\" class=\"glightbox d-flex justify-content-center align-items-center\" data-gallery=\"101\">\n\n            <img decoding=\"async\" class=\"swiper-lazy swiper-img\" loading=\"lazy\" src=\"https:\/\/terraparque.tur.br\/wp-content\/uploads\/2025\/11\/FIGURA-02-Barracas-de-camping-montadas-no-espaco-Terra-Parque.jpg\" alt=\"\">\n          <\/a>\n          <div class=\"swiper-lazy-preloader\" part=\"preloader\"><\/div>\n                  <\/div>\n              <div class=\"swiper-slide placeholder-bg\">\n          <a href=\"https:\/\/terraparque.tur.br\/wp-content\/uploads\/2025\/11\/FIGURA-01-Entrada-do-Terra-Parque-em-2005.jpg\" class=\"glightbox d-flex justify-content-center align-items-center\" data-gallery=\"101\">\n\n            <img decoding=\"async\" class=\"swiper-lazy swiper-img\" loading=\"lazy\" src=\"https:\/\/terraparque.tur.br\/wp-content\/uploads\/2025\/11\/FIGURA-01-Entrada-do-Terra-Parque-em-2005.jpg\" alt=\"\">\n          <\/a>\n          <div class=\"swiper-lazy-preloader\" part=\"preloader\"><\/div>\n                  <\/div>\n              <div class=\"swiper-slide placeholder-bg\">\n          <a href=\"https:\/\/terraparque.tur.br\/wp-content\/uploads\/2025\/11\/FIGURA-04-Ampliacao-do-complexo-aquatico-Terra-Parque.jpg\" class=\"glightbox d-flex justify-content-center align-items-center\" data-gallery=\"101\">\n\n            <img decoding=\"async\" class=\"swiper-lazy swiper-img\" loading=\"lazy\" src=\"https:\/\/terraparque.tur.br\/wp-content\/uploads\/2025\/11\/FIGURA-04-Ampliacao-do-complexo-aquatico-Terra-Parque.jpg\" alt=\"\">\n          <\/a>\n          <div class=\"swiper-lazy-preloader\" part=\"preloader\"><\/div>\n                  <\/div>\n              <div class=\"swiper-slide placeholder-bg\">\n          <a href=\"https:\/\/terraparque.tur.br\/wp-content\/uploads\/2025\/11\/FIGURA-03-Ampliacao-e-melhoria-nos-apartamentos.jpg\" class=\"glightbox d-flex justify-content-center align-items-center\" data-gallery=\"101\">\n\n            <img decoding=\"async\" class=\"swiper-lazy swiper-img\" loading=\"lazy\" src=\"https:\/\/terraparque.tur.br\/wp-content\/uploads\/2025\/11\/FIGURA-03-Ampliacao-e-melhoria-nos-apartamentos.jpg\" alt=\"\">\n          <\/a>\n          <div class=\"swiper-lazy-preloader\" part=\"preloader\"><\/div>\n                  <\/div>\n          <\/div>\n    <div class=\"pagination-wrapper\">\n      <div class=\"swiper-pagination pagination101\"><\/div>\n    <\/div>\n  <\/div>\n  <div class=\"swiper-button-next navigation101\"><\/div>\n<\/div>\n\n\n<!-- Script para retirar o preloader do Swiper quando a imagem for carregada -->\n\n<script>\n  jQuery(document).ready(function() {\n    jQuery('.swiper-img').each(function() {\n        if (this.complete) {\n            jQuery(this).trigger('load');\n        }\n    }).on('load', function() {\n        \n      jQuery(this).parent().next('.swiper-lazy-preloader').hide()\n        \n    });\n  });\n<\/script>\n<p>&nbsp;<\/p>\n<p><b>Builders of History: Terra\u2019s Journey Shaped by Many<\/b><\/p>\n<p><span style=\"font-weight: 400;\">We know that no dream grows alone. That is why we proudly say Terra Parque is built by people. Every person who has worked here, partnered with us, or visited us has left a precious mark on our history.<\/span><\/p>\n<p><span style=\"font-weight: 400;\">Employees who dedicate their days with passion and love for what they do. <\/span>Guests who chose to experience important moments here and returned, bringing new generations, creating memories and bonds that pass through time. Partners and suppliers who believed in our purpose and walked beside us, contributing to each achievement.<\/p>\n<p><span style=\"font-weight: 400;\">\u201cOn my first day here, I arrived with J\u00falio, Sandra, and my husband. It was still the beginning, and we didn\u2019t know where this would go, there was only the courage to make it happen. I deeply admire them both, for their business vision and their determination to succeed. I am very proud to be part of this story. I\u2019ve been with Terra Parque practically since it opened, and I plan to stay as long as I can,\u201d says Z\u00e9lia, manager of the resort\u2019s laundry department.<\/span><\/p>\n<p><img decoding=\"async\" class=\"alignnone wp-image-6031 img-fluid\" src=\"https:\/\/terraparque.tur.br\/wp-content\/uploads\/2025\/11\/FIGURA-03-Zelia-governanta-e-gestora-do-setor-de-lavanderia-do-Terra-Parque-1.jpg\" alt=\"\" width=\"540\" height=\"405\" srcset=\"https:\/\/terraparque.tur.br\/wp-content\/uploads\/2025\/11\/FIGURA-03-Zelia-governanta-e-gestora-do-setor-de-lavanderia-do-Terra-Parque-1.jpg 1600w, https:\/\/terraparque.tur.br\/wp-content\/uploads\/2025\/11\/FIGURA-03-Zelia-governanta-e-gestora-do-setor-de-lavanderia-do-Terra-Parque-1-768x576.jpg 768w, https:\/\/terraparque.tur.br\/wp-content\/uploads\/2025\/11\/FIGURA-03-Zelia-governanta-e-gestora-do-setor-de-lavanderia-do-Terra-Parque-1-1536x1152.jpg 1536w, https:\/\/terraparque.tur.br\/wp-content\/uploads\/2025\/11\/FIGURA-03-Zelia-governanta-e-gestora-do-setor-de-lavanderia-do-Terra-Parque-1-16x12.jpg 16w\" sizes=\"(max-width: 540px) 100vw, 540px\" \/><\/p>\n<p><span style=\"font-weight: 400;\">This collective journey is what allowed Terra Parque to reach where it is today. Every smile, story, and hug shared is part of our essence. That is why we celebrate everyone who helped build this place with us.<\/span><\/p>\n<p><span style=\"font-weight: 400;\">\u201cI feel the love from the team toward me, and I\u2019m sure J\u00falio feels it too. Each person was chosen with care and works with such love and dedication. They help us run this business with excellence,\u201d adds Sandra Yokota.<\/span><\/p>\n<p>&nbsp;<\/p>\n<p><b>Our Roots, Our Magic<\/b><\/p>\n<p><span style=\"font-weight: 400;\">Authenticity, that is the word that best defines Terra Parque. We have grown, achieved recognition, and welcomed visitors from all over the country and even from other parts of the world. Yet our essence remains firm: respecting nature, celebrating life, and valuing every person who steps into this place. And it is this blend of tradition, hospitality, and enchantment that continues to make Terra Parque unique.<\/span><\/p>\n<p><span style=\"font-weight: 400;\">Martha Moraes, the couple\u2019s daughter, is already preparing herself for the future of the resort:<\/span><span style=\"font-weight: 400;\"><br \/>\n<\/span><br \/>\n\u201cI believe that in this dream, once envisioned by my parents and, since childhood, also mine, our values will never change: honesty, respect, and humility. Despite all the innovations and everything we may grow into, the essence of family will always prevail at Terra Parque, both among our employees and with our guests.\u201d<\/p>\n<p><span style=\"font-weight: 400;\">Our extraordinaryness is born from the essential. That is why \u201cOur roots\u201d<\/span>represent love for the countryside, for the community, and for the sincere and simple way of life. And \u201cOur magic\u201d is the sparkle in the eyes of those who arrive and immediately feel that there is something different here, an energy, a joy, a warmth that embraces.<\/p>\n<p><img decoding=\"async\" class=\"alignnone wp-image-6006 img-fluid\" src=\"https:\/\/terraparque.tur.br\/wp-content\/uploads\/2025\/11\/VULCAO.jpg\" alt=\"Vulc\u00e3o em erup\u00e7\u00e3o\" width=\"577\" height=\"324\" srcset=\"https:\/\/terraparque.tur.br\/wp-content\/uploads\/2025\/11\/VULCAO.jpg 1600w, https:\/\/terraparque.tur.br\/wp-content\/uploads\/2025\/11\/VULCAO-768x432.jpg 768w, https:\/\/terraparque.tur.br\/wp-content\/uploads\/2025\/11\/VULCAO-1536x864.jpg 1536w, https:\/\/terraparque.tur.br\/wp-content\/uploads\/2025\/11\/VULCAO-18x10.jpg 18w\" sizes=\"(max-width: 577px) 100vw, 577px\" \/><\/p>\n<p>&nbsp;<\/p>\n<p><b>The Past Reminds Us of Everything We Are<\/b><\/p>\n<p><span style=\"font-weight: 400;\">Celebrating 22 years means looking back with gratitude and forward with hope. Our history reminds us of where we came from, how much we have evolved, and what we still wish to build.\u00a0<\/span><\/p>\n<p><span style=\"font-weight: 400;\">Terra Parque has many future projects, and many have already begun. We continue our commitment to responsible growth, sustainability, strengthening regional tourism, and creating experiences that transform lives. Because the future of Terra Parque will always be guided by the same values that brought us here: simplicity, love, and purpose.<\/span><b>.<\/b><\/p>\n<p><span style=\"font-weight: 400;\">And we are certain: the best is yet to come.<\/span><\/p>\n<h3><b>Live This Story With Us<\/b><\/h3>\n<p><span style=\"font-weight: 400;\">Come be part of this journey that is written every day with love, nature, and magic. Terra Parque exists because of people who believe in the power of connection, memories, and the beauty of the countryside.<\/span><\/p>\n<p>&nbsp;<\/p>\n<h2><b>About Terra Parque<\/b><\/h2>\n<p>Terra Parque Eco Resort is located in the countryside of S\u00e3o Paulo, just 10 minutes from Presidente Prudente Airport. With a green area of 324,000 square meters and over 201 air-conditioned apartments offering total comfort, the resort features an impressive water complex, including 11 pools, 7 waterslides, a hot tub, a bubbling pool, heated pools, and a safe, climate-controlled children\u2019s water playground.<\/p>\n<p>Therefore, if you want to live this unforgettable experience at Terra Parque Eco Resort, visit the website\u00a0<a href=\"https:\/\/terraparque.tur.br\/en\/\"><b>terraparque.com<\/b><\/a>\u00a0or contact us via\u00a0<a href=\"https:\/\/api.whatsapp.com\/send\/?phone=5518997301085&amp;text&amp;type=phone_number&amp;app_absent=0\"><b>WhatsApp at (18) 99730-1085<\/b><\/a>. Come discover why Terra Parque is the right choice for so many people as their destination for leisure and relaxation.<\/p>","protected":false},"excerpt":{"rendered":"<p>O tempo tem um jeito muito especial de contar hist\u00f3rias, afinal, 22 anos para um ser humano representa&#8230;<\/p>","protected":false},"author":6,"featured_media":6012,"comment_status":"open","ping_status":"closed","sticky":false,"template":"","format":"standard","meta":{"footnotes":""},"categories":[126,135,154],"class_list":["post-6005","post","type-post","status-publish","format-standard","has-post-thumbnail","hentry","category-datas-especiais","category-noticias","category-novidades"],"yoast_head":"<!-- This site is optimized with the Yoast SEO plugin v25.7 - https:\/\/yoast.com\/wordpress\/plugins\/seo\/ -->\n<title>22 anos de Terra Parque: Trajet\u00f3ria de hist\u00f3rias, pessoas e prop\u00f3sito | Terra Parque<\/title>\n<meta name=\"description\" content=\"H\u00e1 22 anos, o Terra Parque escreve uma trajet\u00f3ria marcada por sonhos, pessoas e prop\u00f3sito. Com evolu\u00e7\u00e3o, hospitalidade e amor pelo interior.\" \/>\n<meta name=\"robots\" content=\"index, follow, max-snippet:-1, max-image-preview:large, max-video-preview:-1\" \/>\n<link rel=\"canonical\" href=\"https:\/\/terraparque.tur.br\/en\/noticias\/trajetoria-22-anos-do-terra-parque\/\" \/>\n<meta property=\"og:locale\" content=\"en_US\" \/>\n<meta property=\"og:type\" content=\"article\" \/>\n<meta property=\"og:title\" content=\"22 anos de Terra Parque: Trajet\u00f3ria de hist\u00f3rias, pessoas e prop\u00f3sito | Terra Parque\" \/>\n<meta property=\"og:description\" content=\"H\u00e1 22 anos, o Terra Parque escreve uma trajet\u00f3ria marcada por sonhos, pessoas e prop\u00f3sito. Com evolu\u00e7\u00e3o, hospitalidade e amor pelo interior.\" \/>\n<meta property=\"og:url\" content=\"https:\/\/terraparque.tur.br\/en\/noticias\/trajetoria-22-anos-do-terra-parque\/\" \/>\n<meta property=\"og:site_name\" content=\"Terra Parque\" \/>\n<meta property=\"article:publisher\" content=\"https:\/\/www.facebook.com\/terraparque\" \/>\n<meta property=\"article:published_time\" content=\"2025-11-04T14:28:39+00:00\" \/>\n<meta property=\"article:modified_time\" content=\"2025-12-03T13:49:32+00:00\" \/>\n<meta property=\"og:image\" content=\"https:\/\/terraparque.tur.br\/wp-content\/uploads\/2025\/11\/Red-and-White-Clean-Gardener-YouTube-Banner_20251104_124635_0000.jpg\" \/>\n\t<meta property=\"og:image:width\" content=\"1600\" \/>\n\t<meta property=\"og:image:height\" content=\"900\" \/>\n\t<meta property=\"og:image:type\" content=\"image\/jpeg\" \/>\n<meta name=\"author\" content=\"Marketing Terra Parque\" \/>\n<meta name=\"twitter:card\" content=\"summary_large_image\" \/>\n<meta name=\"twitter:label1\" content=\"Written by\" \/>\n\t<meta name=\"twitter:data1\" content=\"Marketing Terra Parque\" \/>\n\t<meta name=\"twitter:label2\" content=\"Est. reading time\" \/>\n\t<meta name=\"twitter:data2\" content=\"8 minutes\" \/>\n<script type=\"application\/ld+json\" class=\"yoast-schema-graph\">{\"@context\":\"https:\/\/schema.org\",\"@graph\":[{\"@type\":\"Article\",\"@id\":\"https:\/\/terraparque.tur.br\/noticias\/trajetoria-22-anos-do-terra-parque\/#article\",\"isPartOf\":{\"@id\":\"https:\/\/terraparque.tur.br\/noticias\/trajetoria-22-anos-do-terra-parque\/\"},\"author\":{\"name\":\"Marketing Terra Parque\",\"@id\":\"https:\/\/terraparque.tur.br\/#\/schema\/person\/38ce66ca596c956c0de67f32520202bd\"},\"headline\":\"22 anos de Terra Parque: Trajet\u00f3ria de hist\u00f3rias, pessoas e prop\u00f3sito\",\"datePublished\":\"2025-11-04T14:28:39+00:00\",\"dateModified\":\"2025-12-03T13:49:32+00:00\",\"mainEntityOfPage\":{\"@id\":\"https:\/\/terraparque.tur.br\/noticias\/trajetoria-22-anos-do-terra-parque\/\"},\"wordCount\":1268,\"commentCount\":0,\"publisher\":{\"@id\":\"https:\/\/terraparque.tur.br\/#organization\"},\"image\":{\"@id\":\"https:\/\/terraparque.tur.br\/noticias\/trajetoria-22-anos-do-terra-parque\/#primaryimage\"},\"thumbnailUrl\":\"https:\/\/terraparque.tur.br\/wp-content\/uploads\/2025\/11\/Red-and-White-Clean-Gardener-YouTube-Banner_20251104_124635_0000.jpg\",\"articleSection\":[\"Datas Especiais\",\"Noticias\",\"Novidades\"],\"inLanguage\":\"en-US\",\"potentialAction\":[{\"@type\":\"CommentAction\",\"name\":\"Comment\",\"target\":[\"https:\/\/terraparque.tur.br\/noticias\/trajetoria-22-anos-do-terra-parque\/#respond\"]}]},{\"@type\":\"WebPage\",\"@id\":\"https:\/\/terraparque.tur.br\/noticias\/trajetoria-22-anos-do-terra-parque\/\",\"url\":\"https:\/\/terraparque.tur.br\/noticias\/trajetoria-22-anos-do-terra-parque\/\",\"name\":\"22 anos de Terra Parque: Trajet\u00f3ria de hist\u00f3rias, pessoas e prop\u00f3sito | Terra Parque\",\"isPartOf\":{\"@id\":\"https:\/\/terraparque.tur.br\/#website\"},\"primaryImageOfPage\":{\"@id\":\"https:\/\/terraparque.tur.br\/noticias\/trajetoria-22-anos-do-terra-parque\/#primaryimage\"},\"image\":{\"@id\":\"https:\/\/terraparque.tur.br\/noticias\/trajetoria-22-anos-do-terra-parque\/#primaryimage\"},\"thumbnailUrl\":\"https:\/\/terraparque.tur.br\/wp-content\/uploads\/2025\/11\/Red-and-White-Clean-Gardener-YouTube-Banner_20251104_124635_0000.jpg\",\"datePublished\":\"2025-11-04T14:28:39+00:00\",\"dateModified\":\"2025-12-03T13:49:32+00:00\",\"description\":\"H\u00e1 22 anos, o Terra Parque escreve uma trajet\u00f3ria marcada por sonhos, pessoas e prop\u00f3sito. Com evolu\u00e7\u00e3o, hospitalidade e amor pelo interior.\",\"breadcrumb\":{\"@id\":\"https:\/\/terraparque.tur.br\/noticias\/trajetoria-22-anos-do-terra-parque\/#breadcrumb\"},\"inLanguage\":\"en-US\",\"potentialAction\":[{\"@type\":\"ReadAction\",\"target\":[\"https:\/\/terraparque.tur.br\/noticias\/trajetoria-22-anos-do-terra-parque\/\"]}]},{\"@type\":\"ImageObject\",\"inLanguage\":\"en-US\",\"@id\":\"https:\/\/terraparque.tur.br\/noticias\/trajetoria-22-anos-do-terra-parque\/#primaryimage\",\"url\":\"https:\/\/terraparque.tur.br\/wp-content\/uploads\/2025\/11\/Red-and-White-Clean-Gardener-YouTube-Banner_20251104_124635_0000.jpg\",\"contentUrl\":\"https:\/\/terraparque.tur.br\/wp-content\/uploads\/2025\/11\/Red-and-White-Clean-Gardener-YouTube-Banner_20251104_124635_0000.jpg\",\"width\":1600,\"height\":900},{\"@type\":\"BreadcrumbList\",\"@id\":\"https:\/\/terraparque.tur.br\/noticias\/trajetoria-22-anos-do-terra-parque\/#breadcrumb\",\"itemListElement\":[{\"@type\":\"ListItem\",\"position\":1,\"name\":\"Home\",\"item\":\"https:\/\/terraparque.tur.br\/\"},{\"@type\":\"ListItem\",\"position\":2,\"name\":\"22 anos de Terra Parque: Trajet\u00f3ria de hist\u00f3rias, pessoas e prop\u00f3sito\"}]},{\"@type\":\"WebSite\",\"@id\":\"https:\/\/terraparque.tur.br\/#website\",\"url\":\"https:\/\/terraparque.tur.br\/\",\"name\":\"Terra Parque Eco Resort\",\"description\":\"\",\"publisher\":{\"@id\":\"https:\/\/terraparque.tur.br\/#organization\"},\"potentialAction\":[{\"@type\":\"SearchAction\",\"target\":{\"@type\":\"EntryPoint\",\"urlTemplate\":\"https:\/\/terraparque.tur.br\/?s={search_term_string}\"},\"query-input\":{\"@type\":\"PropertyValueSpecification\",\"valueRequired\":true,\"valueName\":\"search_term_string\"}}],\"inLanguage\":\"en-US\"},{\"@type\":\"Organization\",\"@id\":\"https:\/\/terraparque.tur.br\/#organization\",\"name\":\"Terra Parque Eco Resort\",\"url\":\"https:\/\/terraparque.tur.br\/\",\"logo\":{\"@type\":\"ImageObject\",\"inLanguage\":\"en-US\",\"@id\":\"https:\/\/terraparque.tur.br\/#\/schema\/logo\/image\/\",\"url\":\"https:\/\/terraparque.tur.br\/wp-content\/uploads\/2023\/03\/terra-favicon.png\",\"contentUrl\":\"https:\/\/terraparque.tur.br\/wp-content\/uploads\/2023\/03\/terra-favicon.png\",\"width\":512,\"height\":512,\"caption\":\"Terra Parque Eco Resort\"},\"image\":{\"@id\":\"https:\/\/terraparque.tur.br\/#\/schema\/logo\/image\/\"},\"sameAs\":[\"https:\/\/www.facebook.com\/terraparque\",\"https:\/\/www.instagram.com\/terraparque\/\",\"https:\/\/www.youtube.com\/terraparqueecoresort\",\"https:\/\/www.tiktok.com\/@terraparque\",\"https:\/\/www.tripadvisor.com.br\/Hotel_Review-g2350053-d2623441-Reviews-Terra_Parque_Eco_Resort-Pirapozinho_State_of_Sao_Paulo.html\"]},{\"@type\":\"Person\",\"@id\":\"https:\/\/terraparque.tur.br\/#\/schema\/person\/38ce66ca596c956c0de67f32520202bd\",\"name\":\"Marketing Terra Parque\",\"image\":{\"@type\":\"ImageObject\",\"inLanguage\":\"en-US\",\"@id\":\"https:\/\/terraparque.tur.br\/#\/schema\/person\/image\/\",\"url\":\"https:\/\/secure.gravatar.com\/avatar\/0e89690409625a63af9c4b8e458f72c58e73d77403a541428971be632ff4282b?s=96&d=mm&r=g\",\"contentUrl\":\"https:\/\/secure.gravatar.com\/avatar\/0e89690409625a63af9c4b8e458f72c58e73d77403a541428971be632ff4282b?s=96&d=mm&r=g\",\"caption\":\"Marketing Terra Parque\"}}]}<\/script>\n<!-- \/ Yoast SEO plugin. -->","yoast_head_json":{"title":"22 anos de Terra Parque: Trajet\u00f3ria de hist\u00f3rias, pessoas e prop\u00f3sito | Terra Parque","description":"H\u00e1 22 anos, o Terra Parque escreve uma trajet\u00f3ria marcada por sonhos, pessoas e prop\u00f3sito. Com evolu\u00e7\u00e3o, hospitalidade e amor pelo interior.","robots":{"index":"index","follow":"follow","max-snippet":"max-snippet:-1","max-image-preview":"max-image-preview:large","max-video-preview":"max-video-preview:-1"},"canonical":"https:\/\/terraparque.tur.br\/en\/noticias\/trajetoria-22-anos-do-terra-parque\/","og_locale":"en_US","og_type":"article","og_title":"22 anos de Terra Parque: Trajet\u00f3ria de hist\u00f3rias, pessoas e prop\u00f3sito | Terra Parque","og_description":"H\u00e1 22 anos, o Terra Parque escreve uma trajet\u00f3ria marcada por sonhos, pessoas e prop\u00f3sito. Com evolu\u00e7\u00e3o, hospitalidade e amor pelo interior.","og_url":"https:\/\/terraparque.tur.br\/en\/noticias\/trajetoria-22-anos-do-terra-parque\/","og_site_name":"Terra Parque","article_publisher":"https:\/\/www.facebook.com\/terraparque","article_published_time":"2025-11-04T14:28:39+00:00","article_modified_time":"2025-12-03T13:49:32+00:00","og_image":[{"width":1600,"height":900,"url":"https:\/\/terraparque.tur.br\/wp-content\/uploads\/2025\/11\/Red-and-White-Clean-Gardener-YouTube-Banner_20251104_124635_0000.jpg","type":"image\/jpeg"}],"author":"Marketing Terra Parque","twitter_card":"summary_large_image","twitter_misc":{"Written by":"Marketing Terra Parque","Est. reading time":"8 minutes"},"schema":{"@context":"https:\/\/schema.org","@graph":[{"@type":"Article","@id":"https:\/\/terraparque.tur.br\/noticias\/trajetoria-22-anos-do-terra-parque\/#article","isPartOf":{"@id":"https:\/\/terraparque.tur.br\/noticias\/trajetoria-22-anos-do-terra-parque\/"},"author":{"name":"Marketing Terra Parque","@id":"https:\/\/terraparque.tur.br\/#\/schema\/person\/38ce66ca596c956c0de67f32520202bd"},"headline":"22 anos de Terra Parque: Trajet\u00f3ria de hist\u00f3rias, pessoas e prop\u00f3sito","datePublished":"2025-11-04T14:28:39+00:00","dateModified":"2025-12-03T13:49:32+00:00","mainEntityOfPage":{"@id":"https:\/\/terraparque.tur.br\/noticias\/trajetoria-22-anos-do-terra-parque\/"},"wordCount":1268,"commentCount":0,"publisher":{"@id":"https:\/\/terraparque.tur.br\/#organization"},"image":{"@id":"https:\/\/terraparque.tur.br\/noticias\/trajetoria-22-anos-do-terra-parque\/#primaryimage"},"thumbnailUrl":"https:\/\/terraparque.tur.br\/wp-content\/uploads\/2025\/11\/Red-and-White-Clean-Gardener-YouTube-Banner_20251104_124635_0000.jpg","articleSection":["Datas Especiais","Noticias","Novidades"],"inLanguage":"en-US","potentialAction":[{"@type":"CommentAction","name":"Comment","target":["https:\/\/terraparque.tur.br\/noticias\/trajetoria-22-anos-do-terra-parque\/#respond"]}]},{"@type":"WebPage","@id":"https:\/\/terraparque.tur.br\/noticias\/trajetoria-22-anos-do-terra-parque\/","url":"https:\/\/terraparque.tur.br\/noticias\/trajetoria-22-anos-do-terra-parque\/","name":"22 anos de Terra Parque: Trajet\u00f3ria de hist\u00f3rias, pessoas e prop\u00f3sito | Terra Parque","isPartOf":{"@id":"https:\/\/terraparque.tur.br\/#website"},"primaryImageOfPage":{"@id":"https:\/\/terraparque.tur.br\/noticias\/trajetoria-22-anos-do-terra-parque\/#primaryimage"},"image":{"@id":"https:\/\/terraparque.tur.br\/noticias\/trajetoria-22-anos-do-terra-parque\/#primaryimage"},"thumbnailUrl":"https:\/\/terraparque.tur.br\/wp-content\/uploads\/2025\/11\/Red-and-White-Clean-Gardener-YouTube-Banner_20251104_124635_0000.jpg","datePublished":"2025-11-04T14:28:39+00:00","dateModified":"2025-12-03T13:49:32+00:00","description":"H\u00e1 22 anos, o Terra Parque escreve uma trajet\u00f3ria marcada por sonhos, pessoas e prop\u00f3sito. Com evolu\u00e7\u00e3o, hospitalidade e amor pelo interior.","breadcrumb":{"@id":"https:\/\/terraparque.tur.br\/noticias\/trajetoria-22-anos-do-terra-parque\/#breadcrumb"},"inLanguage":"en-US","potentialAction":[{"@type":"ReadAction","target":["https:\/\/terraparque.tur.br\/noticias\/trajetoria-22-anos-do-terra-parque\/"]}]},{"@type":"ImageObject","inLanguage":"en-US","@id":"https:\/\/terraparque.tur.br\/noticias\/trajetoria-22-anos-do-terra-parque\/#primaryimage","url":"https:\/\/terraparque.tur.br\/wp-content\/uploads\/2025\/11\/Red-and-White-Clean-Gardener-YouTube-Banner_20251104_124635_0000.jpg","contentUrl":"https:\/\/terraparque.tur.br\/wp-content\/uploads\/2025\/11\/Red-and-White-Clean-Gardener-YouTube-Banner_20251104_124635_0000.jpg","width":1600,"height":900},{"@type":"BreadcrumbList","@id":"https:\/\/terraparque.tur.br\/noticias\/trajetoria-22-anos-do-terra-parque\/#breadcrumb","itemListElement":[{"@type":"ListItem","position":1,"name":"Home","item":"https:\/\/terraparque.tur.br\/"},{"@type":"ListItem","position":2,"name":"22 anos de Terra Parque: Trajet\u00f3ria de hist\u00f3rias, pessoas e prop\u00f3sito"}]},{"@type":"WebSite","@id":"https:\/\/terraparque.tur.br\/#website","url":"https:\/\/terraparque.tur.br\/","name":"Terra Parque Eco Resort","description":"","publisher":{"@id":"https:\/\/terraparque.tur.br\/#organization"},"potentialAction":[{"@type":"SearchAction","target":{"@type":"EntryPoint","urlTemplate":"https:\/\/terraparque.tur.br\/?s={search_term_string}"},"query-input":{"@type":"PropertyValueSpecification","valueRequired":true,"valueName":"search_term_string"}}],"inLanguage":"en-US"},{"@type":"Organization","@id":"https:\/\/terraparque.tur.br\/#organization","name":"Terra Parque Eco Resort","url":"https:\/\/terraparque.tur.br\/","logo":{"@type":"ImageObject","inLanguage":"en-US","@id":"https:\/\/terraparque.tur.br\/#\/schema\/logo\/image\/","url":"https:\/\/terraparque.tur.br\/wp-content\/uploads\/2023\/03\/terra-favicon.png","contentUrl":"https:\/\/terraparque.tur.br\/wp-content\/uploads\/2023\/03\/terra-favicon.png","width":512,"height":512,"caption":"Terra Parque Eco Resort"},"image":{"@id":"https:\/\/terraparque.tur.br\/#\/schema\/logo\/image\/"},"sameAs":["https:\/\/www.facebook.com\/terraparque","https:\/\/www.instagram.com\/terraparque\/","https:\/\/www.youtube.com\/terraparqueecoresort","https:\/\/www.tiktok.com\/@terraparque","https:\/\/www.tripadvisor.com.br\/Hotel_Review-g2350053-d2623441-Reviews-Terra_Parque_Eco_Resort-Pirapozinho_State_of_Sao_Paulo.html"]},{"@type":"Person","@id":"https:\/\/terraparque.tur.br\/#\/schema\/person\/38ce66ca596c956c0de67f32520202bd","name":"Marketing Terra Parque","image":{"@type":"ImageObject","inLanguage":"en-US","@id":"https:\/\/terraparque.tur.br\/#\/schema\/person\/image\/","url":"https:\/\/secure.gravatar.com\/avatar\/0e89690409625a63af9c4b8e458f72c58e73d77403a541428971be632ff4282b?s=96&d=mm&r=g","contentUrl":"https:\/\/secure.gravatar.com\/avatar\/0e89690409625a63af9c4b8e458f72c58e73d77403a541428971be632ff4282b?s=96&d=mm&r=g","caption":"Marketing Terra Parque"}}]}},"_links":{"self":[{"href":"https:\/\/terraparque.tur.br\/en\/wp-json\/wp\/v2\/posts\/6005","targetHints":{"allow":["GET"]}}],"collection":[{"href":"https:\/\/terraparque.tur.br\/en\/wp-json\/wp\/v2\/posts"}],"about":[{"href":"https:\/\/terraparque.tur.br\/en\/wp-json\/wp\/v2\/types\/post"}],"author":[{"embeddable":true,"href":"https:\/\/terraparque.tur.br\/en\/wp-json\/wp\/v2\/users\/6"}],"replies":[{"embeddable":true,"href":"https:\/\/terraparque.tur.br\/en\/wp-json\/wp\/v2\/comments?post=6005"}],"version-history":[{"count":0,"href":"https:\/\/terraparque.tur.br\/en\/wp-json\/wp\/v2\/posts\/6005\/revisions"}],"wp:featuredmedia":[{"embeddable":true,"href":"https:\/\/terraparque.tur.br\/en\/wp-json\/wp\/v2\/media\/6012"}],"wp:attachment":[{"href":"https:\/\/terraparque.tur.br\/en\/wp-json\/wp\/v2\/media?parent=6005"}],"wp:term":[{"taxonomy":"category","embeddable":true,"href":"https:\/\/terraparque.tur.br\/en\/wp-json\/wp\/v2\/categories?post=6005"}],"curies":[{"name":"wp","href":"https:\/\/api.w.org\/{rel}","templated":true}]}}