{"id":5917,"date":"2025-09-29T13:58:04","date_gmt":"2025-09-29T16:58:04","guid":{"rendered":"https:\/\/terraparque.tur.br\/?p=5917"},"modified":"2025-12-03T10:50:17","modified_gmt":"2025-12-03T13:50:17","slug":"black-friday-terra-parque","status":"publish","type":"post","link":"https:\/\/terraparque.tur.br\/en\/noticias\/black-friday-terra-parque\/","title":{"rendered":"Terra Parque Black Friday: The BIGGEST of All Time"},"content":{"rendered":"<h1>Terra Parque Black Friday: The BIGGEST of All Time<\/h1>\n<h3>Volcano Black, The Biggest Promotion of All Time Has Arrived!<\/h3>\n<p>Attention, lovers of vacations and unforgettable experiences! The maximum alert for offers has already been triggered at Terra Parque Eco Resort. What seemed to be just another date on the calendar has turned into the most unmissable sales campaign you\u2019ve ever seen, the <b>Volcano Black Friday<\/b>Get ready to secure your vacation package with unprecedented conditions and experience the resort like never before.<\/p>\n<h2>What Is the Volcano Black and Why Is It Huge?<\/h2>\n<p>A <b>Volcano Black Friday<\/b> it\u2019s not just an event, it\u2019s a journey of opportunities that <b>has already started<\/b>! To ensure everyone has the chance to enjoy, Terra Parque has planned an extended period of promotions.<\/p>\n<h3>Get ready for the \u201cVolcano Effect\u201d of Continuous Offers: From October to November<\/h3>\n<p>The campaign is in full swing, with unmissable discounts released month by month:<\/p>\n<ul>\n<li><b>De Outubro a Novembro:<\/b> The season of offers has already started with the <b>Esquenta Black<\/b>, bringing exclusive promotions for the month of <b>October<\/b>. Take advantage now of the first promotions with selected packages, securing your reservation before the big rush.<\/li>\n<li><b>Surprise Offers at Any Moment:<\/b> Na Black Friday Terra Parque, o <b>Volcano<\/b> can erupt at any moment, and <b>novas ofertas surpresa<\/b> may be announced. Follow our social media so you don\u2019t miss the opportunities to come!<\/li>\n<li>Na grande <b>LiveShow da Black Friday<\/b>, voc\u00ea ter\u00e1 acesso \u00e0s ofertas mais absurdas, dispon\u00edveis <i>somente durante a transmiss\u00e3o<\/i>. Al\u00e9m disso, ser\u00e1 anunciado <b>novidades incr\u00edveis<\/b> sobre o resort que v\u00e3o transformar a sua experi\u00eancia de viver o Terra Parque.<\/li>\n<\/ul>\n<p>Esta \u00e9, indiscutivelmente, <b>A Maior Oportunidade para Garantir Suas F\u00e9rias<\/b> no Terra Parque. O volume de promo\u00e7\u00f5es oferecidas durante a <b>Volcano Black Friday<\/b> \u00e9 a chave para voc\u00ea realizar a sua viagem com o melhor custo-benef\u00edcio.<\/p>\n<p><img decoding=\"async\" class=\"size-full wp-image-5867 img-fluid\" src=\"https:\/\/terraparque.tur.br\/wp-content\/uploads\/2025\/09\/Figura-01-Espetaculo-do-Vulcao-Terra-Parque.webp\" alt=\"Figura 01 Espetaculo Do Vulcao Terra Parque\" width=\"388\" height=\"320\" srcset=\"https:\/\/terraparque.tur.br\/wp-content\/uploads\/2025\/09\/Figura-01-Espetaculo-do-Vulcao-Terra-Parque.webp 388w, https:\/\/terraparque.tur.br\/wp-content\/uploads\/2025\/09\/Figura-01-Espetaculo-do-Vulcao-Terra-Parque-15x12.webp 15w\" sizes=\"(max-width: 388px) 100vw, 388px\" \/><\/p>\n<h2>Pacotes em Chamas: Detalhes das Ofertas Exclusivas do M\u00eas<\/h2>\n<h3>O que Est\u00e1 Incluso na Black Friday do Terra Parque?<\/h3>\n<p>Ao garantir seu pacote na <b>Black do Vulc\u00e3o, <\/b><b>de Outubro a Novembro<\/b>, voc\u00ea tem acesso a uma estrutura de lazer completa:<\/p>\n<ul>\n<li><b>Pens\u00e3o Completa de Qualidade:<\/b> Caf\u00e9 da manh\u00e3, almo\u00e7o e jantar inclusos.<\/li>\n<li><strong>Chopp, refrigerantes, sucos concentrados e \u00e1gua<\/strong> \u00e0 vontade durante as refei\u00e7\u00f5es.<\/li>\n<li><b>Apresenta\u00e7\u00e3o do Vulc\u00e3o<\/b> com efeitos audiovisuais e chamas reais (Nas noites de segunda, quarta e s\u00e1bado).<\/li>\n<li><b>Complexo Aqu\u00e1tico:<\/b>\n<ul>\n<li><b>Piscina vulc\u00e2nica aquecida.<\/b><\/li>\n<li><b>Complexo aqu\u00e1tico com 11 piscinas<\/b> and <b>07 tobo\u00e1guas<\/b>.<\/li>\n<li><b>Piscinas cobertas aquecidas<\/b> com sauna e ofur\u00f4.<\/li>\n<\/ul>\n<\/li>\n<li><b>Lazer Infantil:<\/b>\n<ul>\n<li><b>Kids Space<\/b> no complexo aqu\u00e1tico.<\/li>\n<li><b>Playground aqu\u00e1tico<\/b> para crian\u00e7as de 0 a 5 anos (apenas 20cm de profundidade e aquecida a 27\u00b0C).<\/li>\n<\/ul>\n<\/li>\n<li><b>Esportes e Relax:<\/b>\n<ul>\n<li><b>Gym<\/b>.<\/li>\n<li><b>Poli Beach Court<\/b> (Beach Tennis e V\u00f4lei de Praia).<\/li>\n<li><b>Campo de futebol.<\/b><\/li>\n<li><b>Sal\u00e3o de Jogos de Mesa.<\/b><\/li>\n<li><b>Bunker Games<\/b>.<\/li>\n<\/ul>\n<\/li>\n<li><b>Recrea\u00e7\u00e3o:<\/b> Atividades com uma super equipe de recreadores para crian\u00e7as a partir de 4 anos de idade at\u00e9 os 199 anos!<\/li>\n<\/ul>\n<p><img decoding=\"async\" class=\"wp-image-5861 img-fluid\" src=\"https:\/\/terraparque.tur.br\/wp-content\/uploads\/2025\/09\/terra-formatura-piscina-vulcanica.webp\" alt=\"Terra Formatura Piscina Vulcanica\" width=\"914\" height=\"514\" srcset=\"https:\/\/terraparque.tur.br\/wp-content\/uploads\/2025\/09\/terra-formatura-piscina-vulcanica.webp 1366w, https:\/\/terraparque.tur.br\/wp-content\/uploads\/2025\/09\/terra-formatura-piscina-vulcanica-768x432.webp 768w, https:\/\/terraparque.tur.br\/wp-content\/uploads\/2025\/09\/terra-formatura-piscina-vulcanica-18x10.webp 18w\" sizes=\"(max-width: 914px) 100vw, 914px\" \/><\/p>\n<h2>3 Motivos para Aproveitar a Black Friday do Terra Parque Agora<\/h2>\n<p>O tempo \u00e9 o seu maior advers\u00e1rio nesta promo\u00e7\u00e3o. Veja por que voc\u00ea deve garantir o seu lugar imediatamente:<\/p>\n<h3>Motivo 1: Vagas Limitadas e Ofertas Exclusivas<\/h3>\n<p>Os pacotes com melhores pre\u00e7os e as datas mais procuradas esgotam rapidamente. Ao aproveitar as ofertas de <b>October<\/b> (Esquenta Black) e as que ser\u00e3o anunciadas em <b>November<\/b>, voc\u00ea garante a sua vaga antes que a demanda exploda.<\/p>\n<h3>Motivo 2: Melhores Condi\u00e7\u00f5es e Pre\u00e7o Imbat\u00edvel<\/h3>\n<p>Os valores negociados durante a <b>Volcano Black Friday<\/b> oferecem as condi\u00e7\u00f5es mais vantajosas do ano, garantindo que voc\u00ea tenha o melhor pre\u00e7o para sua viagem.<\/p>\n<h3>Motivo 3: LiveShow com Ofertas Absurdas e Novidades<\/h3>\n<p>Na grande <b>LiveShow da Black Friday<\/b>, voc\u00ea ter\u00e1 acesso \u00e0s ofertas mais absurdas, dispon\u00edveis <i>somente durante a transmiss\u00e3o<\/i>. Al\u00e9m disso, ser\u00e1 anunciado <b>novidades incr\u00edveis<\/b> sobre o resort que v\u00e3o transformar a sua experi\u00eancia de viver o Terra Parque.<\/p>\n<p>&nbsp;<\/p>\n<h2>Terra Parque: O Cen\u00e1rio Perfeito para Suas F\u00e9rias<\/h2>\n<p>Ao reservar na <b>Volcano Black Friday<\/b>, voc\u00ea est\u00e1 garantindo a experi\u00eancia completa em um resort premiado e reconhecido por sua excel\u00eancia em lazer e natureza.<\/p>\n<h3>Onde a Divers\u00e3o N\u00e3o Tem Fim<\/h3>\n<p>With the Volcano at the center of attention (literally, with real flames at night!), Terra Parque offers entertainment for all ages, with heated pools, thrilling waterslides, and much more.<\/p>\n<h3>Themed Gastronomy and Full Board<\/h3>\n<p>Com <b>refei\u00e7\u00f5es tem\u00e1ticas todos os dias<\/b>, our full board is a show on its own. The quality and variety of our buffet ensure that each meal is a pleasant experience for the whole family.<\/p>\n<h3>The Refuge of Comfort and Nature<\/h3>\n<p>Our accommodations are cozy and modern, perfectly integrated with nature. Rest is guaranteed after a day full of adventure.<\/p>\n<p><img decoding=\"async\" class=\"alignnone wp-image-5888 img-fluid\" src=\"https:\/\/terraparque.tur.br\/wp-content\/uploads\/2025\/09\/IMG_9875.jpg\" alt=\"\" width=\"771\" height=\"514\" srcset=\"https:\/\/terraparque.tur.br\/wp-content\/uploads\/2025\/09\/IMG_9875.jpg 1600w, https:\/\/terraparque.tur.br\/wp-content\/uploads\/2025\/09\/IMG_9875-768x512.jpg 768w, https:\/\/terraparque.tur.br\/wp-content\/uploads\/2025\/09\/IMG_9875-1536x1024.jpg 1536w, https:\/\/terraparque.tur.br\/wp-content\/uploads\/2025\/09\/IMG_9875-18x12.jpg 18w\" sizes=\"(max-width: 771px) 100vw, 771px\" \/><\/p>\n<h2>How to Secure Your Package Before the Flames Go Out<\/h2>\n<p>The time to book is now, with the exclusive offers of <b>October<\/b> and <b>November<\/b>!<\/p>\n<ol start=\"1\">\n<li>Visit our official website to check out this month\u2019s offers by clicking <a href=\"https:\/\/terraparque.tur.br\/en\/pacote\/black-friday\/\">here<\/a><\/li>\n<li>Choose the period and the perfect package for your family.<\/li>\n<li>Secure your reservation at the best price and get ready for the news to be announced on <b>LiveShow<\/b>!<\/li>\n<\/ol>\n<p><img decoding=\"async\" class=\"alignnone size-full wp-image-5949 img-fluid\" src=\"https:\/\/terraparque.tur.br\/wp-content\/uploads\/2025\/09\/BLOG.jpg\" alt=\"\" width=\"750\" height=\"450\" srcset=\"https:\/\/terraparque.tur.br\/wp-content\/uploads\/2025\/09\/BLOG.jpg 750w, https:\/\/terraparque.tur.br\/wp-content\/uploads\/2025\/09\/BLOG-18x12.jpg 18w\" sizes=\"(max-width: 750px) 100vw, 750px\" \/><\/p>\n<p>&nbsp;<\/p>\n<p>Therefore, if you want to live this unforgettable experience at Terra Parque Eco Resort, visit the website <a href=\"https:\/\/terraparque.tur.br\/en\/\"><b>terraparque.com<\/b><\/a> or contact us via <a href=\"https:\/\/api.whatsapp.com\/send\/?phone=5518997301085&amp;text&amp;type=phone_number&amp;app_absent=0\"><b>WhatsApp at (18) 99730-1085<\/b><\/a>. Come discover why Terra Parque is the right choice for so many people as their destination for leisure and relaxation.<\/p>","protected":false},"excerpt":{"rendered":"<p>Terra Parque Black Friday: The BIGGEST of All Time Volcano Black, The Biggest Promotion of All\u2026<\/p>","protected":false},"author":6,"featured_media":5949,"comment_status":"open","ping_status":"closed","sticky":false,"template":"","format":"standard","meta":{"footnotes":""},"categories":[135,154],"class_list":["post-5917","post","type-post","status-publish","format-standard","has-post-thumbnail","hentry","category-noticias","category-novidades"],"yoast_head":"<!-- This site is optimized with the Yoast SEO plugin v25.7 - https:\/\/yoast.com\/wordpress\/plugins\/seo\/ -->\n<title>Black Friday Terra Parque: A MAIOR de Todos os Tempos | Terra Parque<\/title>\n<meta name=\"description\" content=\"Participe da Black Friday do Terra Parque! Garanta descontos hist\u00f3ricos e conhe\u00e7a as novas atra\u00e7\u00f5es no resort mais desejado do pa\u00eds!\" \/>\n<meta name=\"robots\" content=\"index, follow, max-snippet:-1, max-image-preview:large, max-video-preview:-1\" \/>\n<link rel=\"canonical\" href=\"https:\/\/terraparque.tur.br\/en\/noticias\/black-friday-terra-parque\/\" \/>\n<meta property=\"og:locale\" content=\"en_US\" \/>\n<meta property=\"og:type\" content=\"article\" \/>\n<meta property=\"og:title\" content=\"Black Friday Terra Parque: A MAIOR de Todos os Tempos | Terra Parque\" \/>\n<meta property=\"og:description\" content=\"Participe da Black Friday do Terra Parque! Garanta descontos hist\u00f3ricos e conhe\u00e7a as novas atra\u00e7\u00f5es no resort mais desejado do pa\u00eds!\" \/>\n<meta property=\"og:url\" content=\"https:\/\/terraparque.tur.br\/en\/noticias\/black-friday-terra-parque\/\" \/>\n<meta property=\"og:site_name\" content=\"Terra Parque\" \/>\n<meta property=\"article:publisher\" content=\"https:\/\/www.facebook.com\/terraparque\" \/>\n<meta property=\"article:published_time\" content=\"2025-09-29T16:58:04+00:00\" \/>\n<meta property=\"article:modified_time\" content=\"2025-12-03T13:50:17+00:00\" \/>\n<meta property=\"og:image\" content=\"https:\/\/terraparque.tur.br\/wp-content\/uploads\/2025\/09\/BLOG.jpg\" \/>\n\t<meta property=\"og:image:width\" content=\"750\" \/>\n\t<meta property=\"og:image:height\" content=\"450\" \/>\n\t<meta property=\"og:image:type\" content=\"image\/jpeg\" \/>\n<meta name=\"author\" content=\"Marketing Terra Parque\" \/>\n<meta name=\"twitter:card\" content=\"summary_large_image\" \/>\n<meta name=\"twitter:label1\" content=\"Written by\" \/>\n\t<meta name=\"twitter:data1\" content=\"Marketing Terra Parque\" \/>\n\t<meta name=\"twitter:label2\" content=\"Est. reading time\" \/>\n\t<meta name=\"twitter:data2\" content=\"6 minutes\" \/>\n<script type=\"application\/ld+json\" class=\"yoast-schema-graph\">{\"@context\":\"https:\/\/schema.org\",\"@graph\":[{\"@type\":\"Article\",\"@id\":\"https:\/\/terraparque.tur.br\/noticias\/black-friday-terra-parque\/#article\",\"isPartOf\":{\"@id\":\"https:\/\/terraparque.tur.br\/noticias\/black-friday-terra-parque\/\"},\"author\":{\"name\":\"Marketing Terra Parque\",\"@id\":\"https:\/\/terraparque.tur.br\/#\/schema\/person\/38ce66ca596c956c0de67f32520202bd\"},\"headline\":\"Black Friday Terra Parque: A MAIOR de Todos os Tempos\",\"datePublished\":\"2025-09-29T16:58:04+00:00\",\"dateModified\":\"2025-12-03T13:50:17+00:00\",\"mainEntityOfPage\":{\"@id\":\"https:\/\/terraparque.tur.br\/noticias\/black-friday-terra-parque\/\"},\"wordCount\":965,\"commentCount\":0,\"publisher\":{\"@id\":\"https:\/\/terraparque.tur.br\/#organization\"},\"image\":{\"@id\":\"https:\/\/terraparque.tur.br\/noticias\/black-friday-terra-parque\/#primaryimage\"},\"thumbnailUrl\":\"https:\/\/terraparque.tur.br\/wp-content\/uploads\/2025\/09\/BLOG.jpg\",\"articleSection\":[\"Noticias\",\"Novidades\"],\"inLanguage\":\"en-US\",\"potentialAction\":[{\"@type\":\"CommentAction\",\"name\":\"Comment\",\"target\":[\"https:\/\/terraparque.tur.br\/noticias\/black-friday-terra-parque\/#respond\"]}]},{\"@type\":\"WebPage\",\"@id\":\"https:\/\/terraparque.tur.br\/noticias\/black-friday-terra-parque\/\",\"url\":\"https:\/\/terraparque.tur.br\/noticias\/black-friday-terra-parque\/\",\"name\":\"Black Friday Terra Parque: A MAIOR de Todos os Tempos | Terra Parque\",\"isPartOf\":{\"@id\":\"https:\/\/terraparque.tur.br\/#website\"},\"primaryImageOfPage\":{\"@id\":\"https:\/\/terraparque.tur.br\/noticias\/black-friday-terra-parque\/#primaryimage\"},\"image\":{\"@id\":\"https:\/\/terraparque.tur.br\/noticias\/black-friday-terra-parque\/#primaryimage\"},\"thumbnailUrl\":\"https:\/\/terraparque.tur.br\/wp-content\/uploads\/2025\/09\/BLOG.jpg\",\"datePublished\":\"2025-09-29T16:58:04+00:00\",\"dateModified\":\"2025-12-03T13:50:17+00:00\",\"description\":\"Participe da Black Friday do Terra Parque! Garanta descontos hist\u00f3ricos e conhe\u00e7a as novas atra\u00e7\u00f5es no resort mais desejado do pa\u00eds!\",\"breadcrumb\":{\"@id\":\"https:\/\/terraparque.tur.br\/noticias\/black-friday-terra-parque\/#breadcrumb\"},\"inLanguage\":\"en-US\",\"potentialAction\":[{\"@type\":\"ReadAction\",\"target\":[\"https:\/\/terraparque.tur.br\/noticias\/black-friday-terra-parque\/\"]}]},{\"@type\":\"ImageObject\",\"inLanguage\":\"en-US\",\"@id\":\"https:\/\/terraparque.tur.br\/noticias\/black-friday-terra-parque\/#primaryimage\",\"url\":\"https:\/\/terraparque.tur.br\/wp-content\/uploads\/2025\/09\/BLOG.jpg\",\"contentUrl\":\"https:\/\/terraparque.tur.br\/wp-content\/uploads\/2025\/09\/BLOG.jpg\",\"width\":750,\"height\":450,\"caption\":\"Black Friday Terra Parque\"},{\"@type\":\"BreadcrumbList\",\"@id\":\"https:\/\/terraparque.tur.br\/noticias\/black-friday-terra-parque\/#breadcrumb\",\"itemListElement\":[{\"@type\":\"ListItem\",\"position\":1,\"name\":\"Home\",\"item\":\"https:\/\/terraparque.tur.br\/\"},{\"@type\":\"ListItem\",\"position\":2,\"name\":\"Black Friday Terra Parque: A MAIOR de Todos os Tempos\"}]},{\"@type\":\"WebSite\",\"@id\":\"https:\/\/terraparque.tur.br\/#website\",\"url\":\"https:\/\/terraparque.tur.br\/\",\"name\":\"Terra Parque Eco Resort\",\"description\":\"\",\"publisher\":{\"@id\":\"https:\/\/terraparque.tur.br\/#organization\"},\"potentialAction\":[{\"@type\":\"SearchAction\",\"target\":{\"@type\":\"EntryPoint\",\"urlTemplate\":\"https:\/\/terraparque.tur.br\/?s={search_term_string}\"},\"query-input\":{\"@type\":\"PropertyValueSpecification\",\"valueRequired\":true,\"valueName\":\"search_term_string\"}}],\"inLanguage\":\"en-US\"},{\"@type\":\"Organization\",\"@id\":\"https:\/\/terraparque.tur.br\/#organization\",\"name\":\"Terra Parque Eco Resort\",\"url\":\"https:\/\/terraparque.tur.br\/\",\"logo\":{\"@type\":\"ImageObject\",\"inLanguage\":\"en-US\",\"@id\":\"https:\/\/terraparque.tur.br\/#\/schema\/logo\/image\/\",\"url\":\"https:\/\/terraparque.tur.br\/wp-content\/uploads\/2023\/03\/terra-favicon.png\",\"contentUrl\":\"https:\/\/terraparque.tur.br\/wp-content\/uploads\/2023\/03\/terra-favicon.png\",\"width\":512,\"height\":512,\"caption\":\"Terra Parque Eco Resort\"},\"image\":{\"@id\":\"https:\/\/terraparque.tur.br\/#\/schema\/logo\/image\/\"},\"sameAs\":[\"https:\/\/www.facebook.com\/terraparque\",\"https:\/\/www.instagram.com\/terraparque\/\",\"https:\/\/www.youtube.com\/terraparqueecoresort\",\"https:\/\/www.tiktok.com\/@terraparque\",\"https:\/\/www.tripadvisor.com.br\/Hotel_Review-g2350053-d2623441-Reviews-Terra_Parque_Eco_Resort-Pirapozinho_State_of_Sao_Paulo.html\"]},{\"@type\":\"Person\",\"@id\":\"https:\/\/terraparque.tur.br\/#\/schema\/person\/38ce66ca596c956c0de67f32520202bd\",\"name\":\"Marketing Terra Parque\",\"image\":{\"@type\":\"ImageObject\",\"inLanguage\":\"en-US\",\"@id\":\"https:\/\/terraparque.tur.br\/#\/schema\/person\/image\/\",\"url\":\"https:\/\/secure.gravatar.com\/avatar\/0e89690409625a63af9c4b8e458f72c58e73d77403a541428971be632ff4282b?s=96&d=mm&r=g\",\"contentUrl\":\"https:\/\/secure.gravatar.com\/avatar\/0e89690409625a63af9c4b8e458f72c58e73d77403a541428971be632ff4282b?s=96&d=mm&r=g\",\"caption\":\"Marketing Terra Parque\"}}]}<\/script>\n<!-- \/ Yoast SEO plugin. -->","yoast_head_json":{"title":"Black Friday Terra Parque: A MAIOR de Todos os Tempos | Terra Parque","description":"Participe da Black Friday do Terra Parque! Garanta descontos hist\u00f3ricos e conhe\u00e7a as novas atra\u00e7\u00f5es no resort mais desejado do pa\u00eds!","robots":{"index":"index","follow":"follow","max-snippet":"max-snippet:-1","max-image-preview":"max-image-preview:large","max-video-preview":"max-video-preview:-1"},"canonical":"https:\/\/terraparque.tur.br\/en\/noticias\/black-friday-terra-parque\/","og_locale":"en_US","og_type":"article","og_title":"Black Friday Terra Parque: A MAIOR de Todos os Tempos | Terra Parque","og_description":"Participe da Black Friday do Terra Parque! Garanta descontos hist\u00f3ricos e conhe\u00e7a as novas atra\u00e7\u00f5es no resort mais desejado do pa\u00eds!","og_url":"https:\/\/terraparque.tur.br\/en\/noticias\/black-friday-terra-parque\/","og_site_name":"Terra Parque","article_publisher":"https:\/\/www.facebook.com\/terraparque","article_published_time":"2025-09-29T16:58:04+00:00","article_modified_time":"2025-12-03T13:50:17+00:00","og_image":[{"width":750,"height":450,"url":"https:\/\/terraparque.tur.br\/wp-content\/uploads\/2025\/09\/BLOG.jpg","type":"image\/jpeg"}],"author":"Marketing Terra Parque","twitter_card":"summary_large_image","twitter_misc":{"Written by":"Marketing Terra Parque","Est. reading time":"6 minutes"},"schema":{"@context":"https:\/\/schema.org","@graph":[{"@type":"Article","@id":"https:\/\/terraparque.tur.br\/noticias\/black-friday-terra-parque\/#article","isPartOf":{"@id":"https:\/\/terraparque.tur.br\/noticias\/black-friday-terra-parque\/"},"author":{"name":"Marketing Terra Parque","@id":"https:\/\/terraparque.tur.br\/#\/schema\/person\/38ce66ca596c956c0de67f32520202bd"},"headline":"Black Friday Terra Parque: A MAIOR de Todos os Tempos","datePublished":"2025-09-29T16:58:04+00:00","dateModified":"2025-12-03T13:50:17+00:00","mainEntityOfPage":{"@id":"https:\/\/terraparque.tur.br\/noticias\/black-friday-terra-parque\/"},"wordCount":965,"commentCount":0,"publisher":{"@id":"https:\/\/terraparque.tur.br\/#organization"},"image":{"@id":"https:\/\/terraparque.tur.br\/noticias\/black-friday-terra-parque\/#primaryimage"},"thumbnailUrl":"https:\/\/terraparque.tur.br\/wp-content\/uploads\/2025\/09\/BLOG.jpg","articleSection":["Noticias","Novidades"],"inLanguage":"en-US","potentialAction":[{"@type":"CommentAction","name":"Comment","target":["https:\/\/terraparque.tur.br\/noticias\/black-friday-terra-parque\/#respond"]}]},{"@type":"WebPage","@id":"https:\/\/terraparque.tur.br\/noticias\/black-friday-terra-parque\/","url":"https:\/\/terraparque.tur.br\/noticias\/black-friday-terra-parque\/","name":"Black Friday Terra Parque: A MAIOR de Todos os Tempos | Terra Parque","isPartOf":{"@id":"https:\/\/terraparque.tur.br\/#website"},"primaryImageOfPage":{"@id":"https:\/\/terraparque.tur.br\/noticias\/black-friday-terra-parque\/#primaryimage"},"image":{"@id":"https:\/\/terraparque.tur.br\/noticias\/black-friday-terra-parque\/#primaryimage"},"thumbnailUrl":"https:\/\/terraparque.tur.br\/wp-content\/uploads\/2025\/09\/BLOG.jpg","datePublished":"2025-09-29T16:58:04+00:00","dateModified":"2025-12-03T13:50:17+00:00","description":"Participe da Black Friday do Terra Parque! Garanta descontos hist\u00f3ricos e conhe\u00e7a as novas atra\u00e7\u00f5es no resort mais desejado do pa\u00eds!","breadcrumb":{"@id":"https:\/\/terraparque.tur.br\/noticias\/black-friday-terra-parque\/#breadcrumb"},"inLanguage":"en-US","potentialAction":[{"@type":"ReadAction","target":["https:\/\/terraparque.tur.br\/noticias\/black-friday-terra-parque\/"]}]},{"@type":"ImageObject","inLanguage":"en-US","@id":"https:\/\/terraparque.tur.br\/noticias\/black-friday-terra-parque\/#primaryimage","url":"https:\/\/terraparque.tur.br\/wp-content\/uploads\/2025\/09\/BLOG.jpg","contentUrl":"https:\/\/terraparque.tur.br\/wp-content\/uploads\/2025\/09\/BLOG.jpg","width":750,"height":450,"caption":"Black Friday Terra Parque"},{"@type":"BreadcrumbList","@id":"https:\/\/terraparque.tur.br\/noticias\/black-friday-terra-parque\/#breadcrumb","itemListElement":[{"@type":"ListItem","position":1,"name":"Home","item":"https:\/\/terraparque.tur.br\/"},{"@type":"ListItem","position":2,"name":"Black Friday Terra Parque: A MAIOR de Todos os Tempos"}]},{"@type":"WebSite","@id":"https:\/\/terraparque.tur.br\/#website","url":"https:\/\/terraparque.tur.br\/","name":"Terra Parque Eco Resort","description":"","publisher":{"@id":"https:\/\/terraparque.tur.br\/#organization"},"potentialAction":[{"@type":"SearchAction","target":{"@type":"EntryPoint","urlTemplate":"https:\/\/terraparque.tur.br\/?s={search_term_string}"},"query-input":{"@type":"PropertyValueSpecification","valueRequired":true,"valueName":"search_term_string"}}],"inLanguage":"en-US"},{"@type":"Organization","@id":"https:\/\/terraparque.tur.br\/#organization","name":"Terra Parque Eco Resort","url":"https:\/\/terraparque.tur.br\/","logo":{"@type":"ImageObject","inLanguage":"en-US","@id":"https:\/\/terraparque.tur.br\/#\/schema\/logo\/image\/","url":"https:\/\/terraparque.tur.br\/wp-content\/uploads\/2023\/03\/terra-favicon.png","contentUrl":"https:\/\/terraparque.tur.br\/wp-content\/uploads\/2023\/03\/terra-favicon.png","width":512,"height":512,"caption":"Terra Parque Eco Resort"},"image":{"@id":"https:\/\/terraparque.tur.br\/#\/schema\/logo\/image\/"},"sameAs":["https:\/\/www.facebook.com\/terraparque","https:\/\/www.instagram.com\/terraparque\/","https:\/\/www.youtube.com\/terraparqueecoresort","https:\/\/www.tiktok.com\/@terraparque","https:\/\/www.tripadvisor.com.br\/Hotel_Review-g2350053-d2623441-Reviews-Terra_Parque_Eco_Resort-Pirapozinho_State_of_Sao_Paulo.html"]},{"@type":"Person","@id":"https:\/\/terraparque.tur.br\/#\/schema\/person\/38ce66ca596c956c0de67f32520202bd","name":"Marketing Terra Parque","image":{"@type":"ImageObject","inLanguage":"en-US","@id":"https:\/\/terraparque.tur.br\/#\/schema\/person\/image\/","url":"https:\/\/secure.gravatar.com\/avatar\/0e89690409625a63af9c4b8e458f72c58e73d77403a541428971be632ff4282b?s=96&d=mm&r=g","contentUrl":"https:\/\/secure.gravatar.com\/avatar\/0e89690409625a63af9c4b8e458f72c58e73d77403a541428971be632ff4282b?s=96&d=mm&r=g","caption":"Marketing Terra Parque"}}]}},"_links":{"self":[{"href":"https:\/\/terraparque.tur.br\/en\/wp-json\/wp\/v2\/posts\/5917","targetHints":{"allow":["GET"]}}],"collection":[{"href":"https:\/\/terraparque.tur.br\/en\/wp-json\/wp\/v2\/posts"}],"about":[{"href":"https:\/\/terraparque.tur.br\/en\/wp-json\/wp\/v2\/types\/post"}],"author":[{"embeddable":true,"href":"https:\/\/terraparque.tur.br\/en\/wp-json\/wp\/v2\/users\/6"}],"replies":[{"embeddable":true,"href":"https:\/\/terraparque.tur.br\/en\/wp-json\/wp\/v2\/comments?post=5917"}],"version-history":[{"count":0,"href":"https:\/\/terraparque.tur.br\/en\/wp-json\/wp\/v2\/posts\/5917\/revisions"}],"wp:featuredmedia":[{"embeddable":true,"href":"https:\/\/terraparque.tur.br\/en\/wp-json\/wp\/v2\/media\/5949"}],"wp:attachment":[{"href":"https:\/\/terraparque.tur.br\/en\/wp-json\/wp\/v2\/media?parent=5917"}],"wp:term":[{"taxonomy":"category","embeddable":true,"href":"https:\/\/terraparque.tur.br\/en\/wp-json\/wp\/v2\/categories?post=5917"}],"curies":[{"name":"wp","href":"https:\/\/api.w.org\/{rel}","templated":true}]}}