{"id":5099,"date":"2025-03-26T15:06:29","date_gmt":"2025-03-26T18:06:29","guid":{"rendered":"https:\/\/terraparque.tur.br\/?p=5099"},"modified":"2025-08-14T16:00:45","modified_gmt":"2025-08-14T19:00:45","slug":"rodriguinho-no-terra-parque","status":"publish","type":"post","link":"https:\/\/terraparque.tur.br\/en\/noticias\/rodriguinho-no-terra-parque\/","title":{"rendered":"Rodriguinho at Terra Parque: Unforgettable Momments in Paradise"},"content":{"rendered":"<h1 style=\"text-align: center;\"><b>Rodriguinho e Gaab no Terra Parque: O Ref\u00fagio de Pai e Filho no Interior de SP<\/b><\/h1>\n<p>Quando uma estrela do tamanho de Rodriguinho, um dos maiores nomes do pagode, busca um ref\u00fagio para a fam\u00edlia, a escolha n\u00e3o \u00e9 por acaso. O destino precisa ser, acima de tudo, inesquec\u00edvel. E foi exatamente isso que ele encontrou no Terra Parque Eco Resort, um verdadeiro o\u00e1sis no interior de S\u00e3o Paulo.<\/p>\n<p>A prova de que a experi\u00eancia foi memor\u00e1vel? Pouco tempo depois, seu filho, o talentoso cantor Gaab, seguiu a valiosa dica do pai e tamb\u00e9m desembarcou em nosso para\u00edso. Dessa forma, o que era uma visita especial se transformou em uma bela hist\u00f3ria de fam\u00edlia, mostrando como o resort conecta gera\u00e7\u00f5es e une pais e filhos em momentos \u00fanicos de tranquilidade, cultura e sabores marcantes.<\/p>\n<p>Agora, ficou curioso para saber os detalhes da estadia dos artistas e descobrir como voc\u00ea pode vivenciar tudo isso? Ent\u00e3o, continue com a gente!<\/p>\n<p><img decoding=\"async\" class=\"wp-image-5134 alignleft img-fluid\" src=\"https:\/\/terraparque.tur.br\/wp-content\/uploads\/2025\/03\/IMG_4418-1.jpg\" alt=\"Img 4418 (1)\" width=\"509\" height=\"286\" srcset=\"https:\/\/terraparque.tur.br\/wp-content\/uploads\/2025\/03\/IMG_4418-1.jpg 1600w, https:\/\/terraparque.tur.br\/wp-content\/uploads\/2025\/03\/IMG_4418-1-768x432.jpg 768w, https:\/\/terraparque.tur.br\/wp-content\/uploads\/2025\/03\/IMG_4418-1-1536x864.jpg 1536w, https:\/\/terraparque.tur.br\/wp-content\/uploads\/2025\/03\/IMG_4418-1-18x10.jpg 18w\" sizes=\"(max-width: 509px) 100vw, 509px\" \/><\/p>\n<p>&nbsp;<\/p>\n<p>&nbsp;<\/p>\n<p>&nbsp;<\/p>\n<p>&nbsp;<\/p>\n<p>&nbsp;<\/p>\n<p>&nbsp;<\/p>\n<p>&nbsp;<\/p>\n<p>&nbsp;<\/p>\n<h2><b>A Fuga de Rodriguinho: Conex\u00e3o e Natureza Pura<\/b><\/h2>\n<p>Para um artista que vive na intensidade dos palcos, encontrar um ref\u00fagio de paz \u00e9 essencial. Foi exatamente por isso que Rodriguinho, acompanhado de sua esposa Bruna Amaral, escolheu o Terra Parque para trocar a agita\u00e7\u00e3o por dias de imers\u00e3o total. Mais do que uma simples estadia, a jornada do casal foi marcada por momentos de profunda descoberta e conex\u00e3o.<\/p>\n<h3><b>Explorando o Hist\u00f3rico Bairro Noite Negra<\/b><\/h3>\n<p>Um dos primeiros destaques dessa jornada foi o passeio cultural pelo Bairro Noite Negra. A bordo de uma charmosa Jardineira, a experi\u00eancia j\u00e1 come\u00e7ou de um jeito especial. Primeiramente, eles mergulharam na hist\u00f3ria local, visitando a capela e outros pontos tur\u00edsticos que contam as ra\u00edzes da regi\u00e3o. Em seguida, o passeio revelou outra faceta do nosso para\u00edso. <b>Para finalizar com chave de ouro<\/b>, o trajeto os levou a uma cascata deslumbrante, o cen\u00e1rio perfeito para sentir a energia pura da natureza e criar uma mem\u00f3ria inesquec\u00edvel.<\/p>\n<p><img decoding=\"async\" class=\"wp-image-5116 img-fluid\" src=\"https:\/\/terraparque.tur.br\/wp-content\/uploads\/2025\/03\/IMG_2481.jpg\" alt=\"Img 2481\" width=\"479\" height=\"269\" srcset=\"https:\/\/terraparque.tur.br\/wp-content\/uploads\/2025\/03\/IMG_2481.jpg 1600w, https:\/\/terraparque.tur.br\/wp-content\/uploads\/2025\/03\/IMG_2481-768x432.jpg 768w, https:\/\/terraparque.tur.br\/wp-content\/uploads\/2025\/03\/IMG_2481-1536x864.jpg 1536w, https:\/\/terraparque.tur.br\/wp-content\/uploads\/2025\/03\/IMG_2481-18x10.jpg 18w\" sizes=\"(max-width: 479px) 100vw, 479px\" \/><\/p>\n<h2><b>O Talento Segue os Passos: Gaab Tamb\u00e9m se Rende ao Para\u00edso<\/b><\/h2>\n<p>Seguindo os passos do pai, Gaab tamb\u00e9m escolheu o Terra Parque para seus dias de descanso. Aprovando a dica da fam\u00edlia, o jovem artista veio comprovar por que o resort havia se tornado um assunto t\u00e3o comentado em casa e, assim como o pai, se apaixonou pelo lugar.<\/p>\n<p>Gaab aproveitou a mesma combina\u00e7\u00e3o de lazer e bem-estar, refor\u00e7ando que o Terra Parque oferece a experi\u00eancia perfeita para todas as idades. Ele desfrutou da estrutura, do conforto e, claro, de um dos pontos altos do resort: a gastronomia.<\/p>\n<p><img decoding=\"async\" class=\"alignnone  wp-image-5702 img-fluid\" src=\"https:\/\/terraparque.tur.br\/wp-content\/uploads\/2025\/07\/Gab-Influencer.jpg\" alt=\"\" width=\"300\" height=\"300\" srcset=\"https:\/\/terraparque.tur.br\/wp-content\/uploads\/2025\/07\/Gab-Influencer.jpg 1290w, https:\/\/terraparque.tur.br\/wp-content\/uploads\/2025\/07\/Gab-Influencer-768x768.jpg 768w, https:\/\/terraparque.tur.br\/wp-content\/uploads\/2025\/07\/Gab-Influencer-12x12.jpg 12w\" sizes=\"(max-width: 300px) 100vw, 300px\" \/><\/p>\n<h2><b>Sabores que Conquistam Gera\u00e7\u00f5es: A Experi\u00eancia Aprovada por Pai e Filho<\/b><\/h2>\n<p>Sem d\u00favida, um dos pontos altos da estadia para ambos os artistas foi a culin\u00e1ria. A pens\u00e3o completa do Terra Parque foi pensada para surpreender, e Rodriguinho fez quest\u00e3o de registrar sua satisfa\u00e7\u00e3o. <b>Em suas pr\u00f3prias palavras, ele compartilhou:<\/b><\/p>\n<blockquote><p>&#8220;Na quarta-feira, com meu prato preferido, feijoada, e n\u00e3o faltando op\u00e7\u00e3o para quem est\u00e1 de dieta. Aqui, tudo \u00e9 feito com muito carinho.&#8221; &#8211; <b>Rodriguinho<\/b><\/p><\/blockquote>\n<p><b>Naturalmente<\/b>, esse elogio foi ecoado pela experi\u00eancia de Gaab, provando que a qualidade e o sabor do Terra Parque realmente conquistam gera\u00e7\u00f5es. <b>Afinal, nosso compromisso \u00e9 oferecer uma variedade que encanta:<\/b><\/p>\n<ul>\n<li><b>Variedade Incr\u00edvel:<\/b> Pratos que v\u00e3o da culin\u00e1ria tradicional brasileira a op\u00e7\u00f5es internacionais.<\/li>\n<li><b>Op\u00e7\u00f5es para Todos:<\/b> Alternativas leves e saud\u00e1veis para quem n\u00e3o quer sair da dieta.<\/li>\n<li><b>Qualidade e Carinho:<\/b> Ingredientes frescos e um preparo cuidadoso em cada detalhe.<\/li>\n<\/ul>\n<p>Contudo, uma experi\u00eancia de estrela vai al\u00e9m do paladar. Depois de satisfazerem o corpo com uma gastronomia memor\u00e1vel, era hora de cuidar da mente. E foi exatamente isso que eles encontraram em nosso ref\u00fagio de paz.<\/p>\n<h2><b>Relaxamento<\/b> <strong>N\u00edvel<\/strong><b> Celebridade: O Momento SPA<\/b><\/h2>\n<p><b>Foi nesse o\u00e1sis de tranquilidade que<\/b> o relaxamento atingiu seu auge. A fam\u00edlia aproveitou tratamentos exclusivos, criados para revigorar o corpo e a mente.<\/p>\n<p>Imagine a cena: uma massagem relaxante seguida por um brinde com frisante na jacuzzi. <b>Sem d\u00favida<\/b>, foi a forma perfeita de finalizar o dia, garantindo uma experi\u00eancia rejuvenescedora que tanto pai quanto filho puderam desfrutar.<\/p>\n<p><img decoding=\"async\" class=\"wp-image-5133 img-fluid\" src=\"https:\/\/terraparque.tur.br\/wp-content\/uploads\/2025\/03\/IMG_4417-2.jpg\" alt=\"Img 4417 (2)\" width=\"479\" height=\"269\" srcset=\"https:\/\/terraparque.tur.br\/wp-content\/uploads\/2025\/03\/IMG_4417-2.jpg 1600w, https:\/\/terraparque.tur.br\/wp-content\/uploads\/2025\/03\/IMG_4417-2-768x432.jpg 768w, https:\/\/terraparque.tur.br\/wp-content\/uploads\/2025\/03\/IMG_4417-2-1536x864.jpg 1536w, https:\/\/terraparque.tur.br\/wp-content\/uploads\/2025\/03\/IMG_4417-2-18x10.jpg 18w\" sizes=\"(max-width: 479px) 100vw, 479px\" \/><\/p>\n<h2><b>Viva Voc\u00ea Tamb\u00e9m uma Experi\u00eancia de Estrela!<\/b><\/h2>\n<p>As visitas de Rodriguinho e Gaab mostram que o Terra Parque Eco Resort \u00e9 muito mais que um lugar para se hospedar. \u00c9 um destino completo para toda a fam\u00edlia.<\/p>\n<p>Assim como os cantores, voc\u00ea tamb\u00e9m pode desfrutar de:<\/p>\n<ul>\n<li>Passeios culturais e contato direto com a natureza.<\/li>\n<li>Uma jornada gastron\u00f4mica que agrada a todos.<\/li>\n<li>Relaxamento profundo em um SPA com servi\u00e7os exclusivos.<\/li>\n<\/ul>\n<p>O ref\u00fagio das estrelas est\u00e1 ao seu alcance. Venha criar suas pr\u00f3prias mem\u00f3rias inesquec\u00edveis no Terra Parque.<\/p>\n<h2>About Terra Parque<\/h2>\n<p>Terra Parque Eco Resort is located in the countryside of S\u00e3o Paulo, just 10 minutes from Presidente Prudente Airport. In addition, it offers a green area of 324,000 square meters and more than 201 air-conditioned apartments that provide total comfort. The resort features an impressive water complex, including 11 swimming pools, 7 water slides, a hot tub, a bubbling pool, heated pools, and a safe, climate-controlled children's water playground. So, if you want to experience unforgettable moments at Terra Parque Eco Resort, visit the website. <a href=\"https:\/\/terraparque.tur.br\/en\/\"><strong>terraparque.com<\/strong><\/a>\u00a0or contact us via\u00a0<a href=\"https:\/\/api.whatsapp.com\/send\/?phone=5518981480119&amp;text&amp;type=phone_number&amp;app_absent=0\"><strong>WhatsApp (18) 98148 \u2013 0119<\/strong><\/a>. Come discover why Terra Parque is the right choice for so many people as their destination for leisure and relaxation.<\/p>","protected":false},"excerpt":{"rendered":"<p>Rodriguinho e Gaab no Terra Parque: O Ref\u00fagio de Pai e Filho no Interior de SP Quando uma&#8230;<\/p>","protected":false},"author":7,"featured_media":5132,"comment_status":"open","ping_status":"closed","sticky":false,"template":"","format":"standard","meta":{"footnotes":""},"categories":[135,125],"class_list":["post-5099","post","type-post","status-publish","format-standard","has-post-thumbnail","hentry","category-noticias","category-sociais"],"yoast_head":"<!-- This site is optimized with the Yoast SEO plugin v25.7 - https:\/\/yoast.com\/wordpress\/plugins\/seo\/ -->\n<title>Rodriguinho no Terra Parque: Momentos Inesquec\u00edveis no Para\u00edso | Terra Parque<\/title>\n<meta name=\"description\" content=\"Descubra como o cantor Rodriguinho aproveitou dias incr\u00edveis no Terra Parque Eco Resort! Veja tudo que fez o astro ficar encantado.\" \/>\n<meta name=\"robots\" content=\"index, follow, max-snippet:-1, max-image-preview:large, max-video-preview:-1\" \/>\n<link rel=\"canonical\" href=\"https:\/\/terraparque.tur.br\/en\/noticias\/rodriguinho-no-terra-parque\/\" \/>\n<meta property=\"og:locale\" content=\"en_US\" \/>\n<meta property=\"og:type\" content=\"article\" \/>\n<meta property=\"og:title\" content=\"Rodriguinho no Terra Parque: Momentos Inesquec\u00edveis no Para\u00edso | Terra Parque\" \/>\n<meta property=\"og:description\" content=\"Descubra como o cantor Rodriguinho aproveitou dias incr\u00edveis no Terra Parque Eco Resort! Veja tudo que fez o astro ficar encantado.\" \/>\n<meta property=\"og:url\" content=\"https:\/\/terraparque.tur.br\/en\/noticias\/rodriguinho-no-terra-parque\/\" \/>\n<meta property=\"og:site_name\" content=\"Terra Parque\" \/>\n<meta property=\"article:publisher\" content=\"https:\/\/www.facebook.com\/terraparque\" \/>\n<meta property=\"article:published_time\" content=\"2025-03-26T18:06:29+00:00\" \/>\n<meta property=\"article:modified_time\" content=\"2025-08-14T19:00:45+00:00\" \/>\n<meta property=\"og:image\" content=\"https:\/\/terraparque.tur.br\/wp-content\/uploads\/2025\/03\/IMG_4419-1.jpg\" \/>\n\t<meta property=\"og:image:width\" content=\"1600\" \/>\n\t<meta property=\"og:image:height\" content=\"900\" \/>\n\t<meta property=\"og:image:type\" content=\"image\/jpeg\" \/>\n<meta name=\"author\" content=\"Uzeloto\" \/>\n<meta name=\"twitter:card\" content=\"summary_large_image\" \/>\n<meta name=\"twitter:label1\" content=\"Written by\" \/>\n\t<meta name=\"twitter:data1\" content=\"Uzeloto\" \/>\n\t<meta name=\"twitter:label2\" content=\"Est. reading time\" \/>\n\t<meta name=\"twitter:data2\" content=\"6 minutes\" \/>\n<script type=\"application\/ld+json\" class=\"yoast-schema-graph\">{\"@context\":\"https:\/\/schema.org\",\"@graph\":[{\"@type\":\"Article\",\"@id\":\"https:\/\/terraparque.tur.br\/noticias\/rodriguinho-no-terra-parque\/#article\",\"isPartOf\":{\"@id\":\"https:\/\/terraparque.tur.br\/noticias\/rodriguinho-no-terra-parque\/\"},\"author\":{\"name\":\"Uzeloto\",\"@id\":\"https:\/\/terraparque.tur.br\/#\/schema\/person\/ca8647479171efc9f16dc9b4faae7567\"},\"headline\":\"Rodriguinho no Terra Parque: Momentos Inesquec\u00edveis no Para\u00edso\",\"datePublished\":\"2025-03-26T18:06:29+00:00\",\"dateModified\":\"2025-08-14T19:00:45+00:00\",\"mainEntityOfPage\":{\"@id\":\"https:\/\/terraparque.tur.br\/noticias\/rodriguinho-no-terra-parque\/\"},\"wordCount\":956,\"commentCount\":0,\"publisher\":{\"@id\":\"https:\/\/terraparque.tur.br\/#organization\"},\"image\":{\"@id\":\"https:\/\/terraparque.tur.br\/noticias\/rodriguinho-no-terra-parque\/#primaryimage\"},\"thumbnailUrl\":\"https:\/\/terraparque.tur.br\/wp-content\/uploads\/2025\/03\/IMG_4419-1.jpg\",\"articleSection\":[\"Noticias\",\"Sociais\"],\"inLanguage\":\"en-US\",\"potentialAction\":[{\"@type\":\"CommentAction\",\"name\":\"Comment\",\"target\":[\"https:\/\/terraparque.tur.br\/noticias\/rodriguinho-no-terra-parque\/#respond\"]}]},{\"@type\":\"WebPage\",\"@id\":\"https:\/\/terraparque.tur.br\/noticias\/rodriguinho-no-terra-parque\/\",\"url\":\"https:\/\/terraparque.tur.br\/noticias\/rodriguinho-no-terra-parque\/\",\"name\":\"Rodriguinho no Terra Parque: Momentos Inesquec\u00edveis no Para\u00edso | Terra Parque\",\"isPartOf\":{\"@id\":\"https:\/\/terraparque.tur.br\/#website\"},\"primaryImageOfPage\":{\"@id\":\"https:\/\/terraparque.tur.br\/noticias\/rodriguinho-no-terra-parque\/#primaryimage\"},\"image\":{\"@id\":\"https:\/\/terraparque.tur.br\/noticias\/rodriguinho-no-terra-parque\/#primaryimage\"},\"thumbnailUrl\":\"https:\/\/terraparque.tur.br\/wp-content\/uploads\/2025\/03\/IMG_4419-1.jpg\",\"datePublished\":\"2025-03-26T18:06:29+00:00\",\"dateModified\":\"2025-08-14T19:00:45+00:00\",\"description\":\"Descubra como o cantor Rodriguinho aproveitou dias incr\u00edveis no Terra Parque Eco Resort! Veja tudo que fez o astro ficar encantado.\",\"breadcrumb\":{\"@id\":\"https:\/\/terraparque.tur.br\/noticias\/rodriguinho-no-terra-parque\/#breadcrumb\"},\"inLanguage\":\"en-US\",\"potentialAction\":[{\"@type\":\"ReadAction\",\"target\":[\"https:\/\/terraparque.tur.br\/noticias\/rodriguinho-no-terra-parque\/\"]}]},{\"@type\":\"ImageObject\",\"inLanguage\":\"en-US\",\"@id\":\"https:\/\/terraparque.tur.br\/noticias\/rodriguinho-no-terra-parque\/#primaryimage\",\"url\":\"https:\/\/terraparque.tur.br\/wp-content\/uploads\/2025\/03\/IMG_4419-1.jpg\",\"contentUrl\":\"https:\/\/terraparque.tur.br\/wp-content\/uploads\/2025\/03\/IMG_4419-1.jpg\",\"width\":1600,\"height\":900,\"caption\":\"Img 4419 (1)\"},{\"@type\":\"BreadcrumbList\",\"@id\":\"https:\/\/terraparque.tur.br\/noticias\/rodriguinho-no-terra-parque\/#breadcrumb\",\"itemListElement\":[{\"@type\":\"ListItem\",\"position\":1,\"name\":\"Home\",\"item\":\"https:\/\/terraparque.tur.br\/\"},{\"@type\":\"ListItem\",\"position\":2,\"name\":\"Rodriguinho no Terra Parque: Momentos Inesquec\u00edveis no Para\u00edso\"}]},{\"@type\":\"WebSite\",\"@id\":\"https:\/\/terraparque.tur.br\/#website\",\"url\":\"https:\/\/terraparque.tur.br\/\",\"name\":\"Terra Parque Eco Resort\",\"description\":\"\",\"publisher\":{\"@id\":\"https:\/\/terraparque.tur.br\/#organization\"},\"potentialAction\":[{\"@type\":\"SearchAction\",\"target\":{\"@type\":\"EntryPoint\",\"urlTemplate\":\"https:\/\/terraparque.tur.br\/?s={search_term_string}\"},\"query-input\":{\"@type\":\"PropertyValueSpecification\",\"valueRequired\":true,\"valueName\":\"search_term_string\"}}],\"inLanguage\":\"en-US\"},{\"@type\":\"Organization\",\"@id\":\"https:\/\/terraparque.tur.br\/#organization\",\"name\":\"Terra Parque Eco Resort\",\"url\":\"https:\/\/terraparque.tur.br\/\",\"logo\":{\"@type\":\"ImageObject\",\"inLanguage\":\"en-US\",\"@id\":\"https:\/\/terraparque.tur.br\/#\/schema\/logo\/image\/\",\"url\":\"https:\/\/terraparque.tur.br\/wp-content\/uploads\/2023\/03\/terra-favicon.png\",\"contentUrl\":\"https:\/\/terraparque.tur.br\/wp-content\/uploads\/2023\/03\/terra-favicon.png\",\"width\":512,\"height\":512,\"caption\":\"Terra Parque Eco Resort\"},\"image\":{\"@id\":\"https:\/\/terraparque.tur.br\/#\/schema\/logo\/image\/\"},\"sameAs\":[\"https:\/\/www.facebook.com\/terraparque\",\"https:\/\/www.instagram.com\/terraparque\/\",\"https:\/\/www.youtube.com\/terraparqueecoresort\",\"https:\/\/www.tiktok.com\/@terraparque\",\"https:\/\/www.tripadvisor.com.br\/Hotel_Review-g2350053-d2623441-Reviews-Terra_Parque_Eco_Resort-Pirapozinho_State_of_Sao_Paulo.html\"]},{\"@type\":\"Person\",\"@id\":\"https:\/\/terraparque.tur.br\/#\/schema\/person\/ca8647479171efc9f16dc9b4faae7567\",\"name\":\"Uzeloto\",\"image\":{\"@type\":\"ImageObject\",\"inLanguage\":\"en-US\",\"@id\":\"https:\/\/terraparque.tur.br\/#\/schema\/person\/image\/\",\"url\":\"https:\/\/secure.gravatar.com\/avatar\/51b953535fc7a41aaed46ecb560bedefc676625d296e5271944e11c0d2a481c6?s=96&d=mm&r=g\",\"contentUrl\":\"https:\/\/secure.gravatar.com\/avatar\/51b953535fc7a41aaed46ecb560bedefc676625d296e5271944e11c0d2a481c6?s=96&d=mm&r=g\",\"caption\":\"Uzeloto\"}}]}<\/script>\n<!-- \/ Yoast SEO plugin. -->","yoast_head_json":{"title":"Rodriguinho no Terra Parque: Momentos Inesquec\u00edveis no Para\u00edso | Terra Parque","description":"Descubra como o cantor Rodriguinho aproveitou dias incr\u00edveis no Terra Parque Eco Resort! Veja tudo que fez o astro ficar encantado.","robots":{"index":"index","follow":"follow","max-snippet":"max-snippet:-1","max-image-preview":"max-image-preview:large","max-video-preview":"max-video-preview:-1"},"canonical":"https:\/\/terraparque.tur.br\/en\/noticias\/rodriguinho-no-terra-parque\/","og_locale":"en_US","og_type":"article","og_title":"Rodriguinho no Terra Parque: Momentos Inesquec\u00edveis no Para\u00edso | Terra Parque","og_description":"Descubra como o cantor Rodriguinho aproveitou dias incr\u00edveis no Terra Parque Eco Resort! Veja tudo que fez o astro ficar encantado.","og_url":"https:\/\/terraparque.tur.br\/en\/noticias\/rodriguinho-no-terra-parque\/","og_site_name":"Terra Parque","article_publisher":"https:\/\/www.facebook.com\/terraparque","article_published_time":"2025-03-26T18:06:29+00:00","article_modified_time":"2025-08-14T19:00:45+00:00","og_image":[{"width":1600,"height":900,"url":"https:\/\/terraparque.tur.br\/wp-content\/uploads\/2025\/03\/IMG_4419-1.jpg","type":"image\/jpeg"}],"author":"Uzeloto","twitter_card":"summary_large_image","twitter_misc":{"Written by":"Uzeloto","Est. reading time":"6 minutes"},"schema":{"@context":"https:\/\/schema.org","@graph":[{"@type":"Article","@id":"https:\/\/terraparque.tur.br\/noticias\/rodriguinho-no-terra-parque\/#article","isPartOf":{"@id":"https:\/\/terraparque.tur.br\/noticias\/rodriguinho-no-terra-parque\/"},"author":{"name":"Uzeloto","@id":"https:\/\/terraparque.tur.br\/#\/schema\/person\/ca8647479171efc9f16dc9b4faae7567"},"headline":"Rodriguinho no Terra Parque: Momentos Inesquec\u00edveis no Para\u00edso","datePublished":"2025-03-26T18:06:29+00:00","dateModified":"2025-08-14T19:00:45+00:00","mainEntityOfPage":{"@id":"https:\/\/terraparque.tur.br\/noticias\/rodriguinho-no-terra-parque\/"},"wordCount":956,"commentCount":0,"publisher":{"@id":"https:\/\/terraparque.tur.br\/#organization"},"image":{"@id":"https:\/\/terraparque.tur.br\/noticias\/rodriguinho-no-terra-parque\/#primaryimage"},"thumbnailUrl":"https:\/\/terraparque.tur.br\/wp-content\/uploads\/2025\/03\/IMG_4419-1.jpg","articleSection":["Noticias","Sociais"],"inLanguage":"en-US","potentialAction":[{"@type":"CommentAction","name":"Comment","target":["https:\/\/terraparque.tur.br\/noticias\/rodriguinho-no-terra-parque\/#respond"]}]},{"@type":"WebPage","@id":"https:\/\/terraparque.tur.br\/noticias\/rodriguinho-no-terra-parque\/","url":"https:\/\/terraparque.tur.br\/noticias\/rodriguinho-no-terra-parque\/","name":"Rodriguinho no Terra Parque: Momentos Inesquec\u00edveis no Para\u00edso | Terra Parque","isPartOf":{"@id":"https:\/\/terraparque.tur.br\/#website"},"primaryImageOfPage":{"@id":"https:\/\/terraparque.tur.br\/noticias\/rodriguinho-no-terra-parque\/#primaryimage"},"image":{"@id":"https:\/\/terraparque.tur.br\/noticias\/rodriguinho-no-terra-parque\/#primaryimage"},"thumbnailUrl":"https:\/\/terraparque.tur.br\/wp-content\/uploads\/2025\/03\/IMG_4419-1.jpg","datePublished":"2025-03-26T18:06:29+00:00","dateModified":"2025-08-14T19:00:45+00:00","description":"Descubra como o cantor Rodriguinho aproveitou dias incr\u00edveis no Terra Parque Eco Resort! Veja tudo que fez o astro ficar encantado.","breadcrumb":{"@id":"https:\/\/terraparque.tur.br\/noticias\/rodriguinho-no-terra-parque\/#breadcrumb"},"inLanguage":"en-US","potentialAction":[{"@type":"ReadAction","target":["https:\/\/terraparque.tur.br\/noticias\/rodriguinho-no-terra-parque\/"]}]},{"@type":"ImageObject","inLanguage":"en-US","@id":"https:\/\/terraparque.tur.br\/noticias\/rodriguinho-no-terra-parque\/#primaryimage","url":"https:\/\/terraparque.tur.br\/wp-content\/uploads\/2025\/03\/IMG_4419-1.jpg","contentUrl":"https:\/\/terraparque.tur.br\/wp-content\/uploads\/2025\/03\/IMG_4419-1.jpg","width":1600,"height":900,"caption":"Img 4419 (1)"},{"@type":"BreadcrumbList","@id":"https:\/\/terraparque.tur.br\/noticias\/rodriguinho-no-terra-parque\/#breadcrumb","itemListElement":[{"@type":"ListItem","position":1,"name":"Home","item":"https:\/\/terraparque.tur.br\/"},{"@type":"ListItem","position":2,"name":"Rodriguinho no Terra Parque: Momentos Inesquec\u00edveis no Para\u00edso"}]},{"@type":"WebSite","@id":"https:\/\/terraparque.tur.br\/#website","url":"https:\/\/terraparque.tur.br\/","name":"Terra Parque Eco Resort","description":"","publisher":{"@id":"https:\/\/terraparque.tur.br\/#organization"},"potentialAction":[{"@type":"SearchAction","target":{"@type":"EntryPoint","urlTemplate":"https:\/\/terraparque.tur.br\/?s={search_term_string}"},"query-input":{"@type":"PropertyValueSpecification","valueRequired":true,"valueName":"search_term_string"}}],"inLanguage":"en-US"},{"@type":"Organization","@id":"https:\/\/terraparque.tur.br\/#organization","name":"Terra Parque Eco Resort","url":"https:\/\/terraparque.tur.br\/","logo":{"@type":"ImageObject","inLanguage":"en-US","@id":"https:\/\/terraparque.tur.br\/#\/schema\/logo\/image\/","url":"https:\/\/terraparque.tur.br\/wp-content\/uploads\/2023\/03\/terra-favicon.png","contentUrl":"https:\/\/terraparque.tur.br\/wp-content\/uploads\/2023\/03\/terra-favicon.png","width":512,"height":512,"caption":"Terra Parque Eco Resort"},"image":{"@id":"https:\/\/terraparque.tur.br\/#\/schema\/logo\/image\/"},"sameAs":["https:\/\/www.facebook.com\/terraparque","https:\/\/www.instagram.com\/terraparque\/","https:\/\/www.youtube.com\/terraparqueecoresort","https:\/\/www.tiktok.com\/@terraparque","https:\/\/www.tripadvisor.com.br\/Hotel_Review-g2350053-d2623441-Reviews-Terra_Parque_Eco_Resort-Pirapozinho_State_of_Sao_Paulo.html"]},{"@type":"Person","@id":"https:\/\/terraparque.tur.br\/#\/schema\/person\/ca8647479171efc9f16dc9b4faae7567","name":"Uzeloto","image":{"@type":"ImageObject","inLanguage":"en-US","@id":"https:\/\/terraparque.tur.br\/#\/schema\/person\/image\/","url":"https:\/\/secure.gravatar.com\/avatar\/51b953535fc7a41aaed46ecb560bedefc676625d296e5271944e11c0d2a481c6?s=96&d=mm&r=g","contentUrl":"https:\/\/secure.gravatar.com\/avatar\/51b953535fc7a41aaed46ecb560bedefc676625d296e5271944e11c0d2a481c6?s=96&d=mm&r=g","caption":"Uzeloto"}}]}},"_links":{"self":[{"href":"https:\/\/terraparque.tur.br\/en\/wp-json\/wp\/v2\/posts\/5099","targetHints":{"allow":["GET"]}}],"collection":[{"href":"https:\/\/terraparque.tur.br\/en\/wp-json\/wp\/v2\/posts"}],"about":[{"href":"https:\/\/terraparque.tur.br\/en\/wp-json\/wp\/v2\/types\/post"}],"author":[{"embeddable":true,"href":"https:\/\/terraparque.tur.br\/en\/wp-json\/wp\/v2\/users\/7"}],"replies":[{"embeddable":true,"href":"https:\/\/terraparque.tur.br\/en\/wp-json\/wp\/v2\/comments?post=5099"}],"version-history":[{"count":0,"href":"https:\/\/terraparque.tur.br\/en\/wp-json\/wp\/v2\/posts\/5099\/revisions"}],"wp:featuredmedia":[{"embeddable":true,"href":"https:\/\/terraparque.tur.br\/en\/wp-json\/wp\/v2\/media\/5132"}],"wp:attachment":[{"href":"https:\/\/terraparque.tur.br\/en\/wp-json\/wp\/v2\/media?parent=5099"}],"wp:term":[{"taxonomy":"category","embeddable":true,"href":"https:\/\/terraparque.tur.br\/en\/wp-json\/wp\/v2\/categories?post=5099"}],"curies":[{"name":"wp","href":"https:\/\/api.w.org\/{rel}","templated":true}]}}