{"id":2837,"date":"2023-12-15T09:41:13","date_gmt":"2023-12-15T12:41:13","guid":{"rendered":"https:\/\/terraparque.tur.br\/?p=2837"},"modified":"2023-12-21T09:55:42","modified_gmt":"2023-12-21T12:55:42","slug":"terra-parque-celebra-o-espirito-natalino-em-meio-as-maravilhas-de-dezembro","status":"publish","type":"post","link":"https:\/\/terraparque.tur.br\/en\/noticias\/terra-parque-celebra-o-espirito-natalino-em-meio-as-maravilhas-de-dezembro\/","title":{"rendered":"Terra Parque Eco Resort Celebrates Christmas Amidst the Wonders of December"},"content":{"rendered":"<p>The month of December is finally upon us, bringing with it the magic and joy characteristic of Christmas. At Terra Parque Eco Resort, we have prepared a month full of special activities for our visitors to experience the enchantment of this festive season. With a specially crafted program for weekends and especially for Christmas day, we have prepared unforgettable moments for the families who choose to celebrate with us.<\/p>\n<p>In addition to the planned activities at the resort, the tourist region that embraces Terra Parque also offers irresistible attractions for those seeking authentic Christmas experiences. One of these must-see options is the <a href=\"https:\/\/www.instagram.com\/p\/C0hGdPPsOp-\/?igshid=MzY1NDJmNzMyNQ%3D%3D\">&#8220;Vila Natal&#8221;<\/a>, an event that has become a true success, captivating not only local residents but also tourists who choose Presidente Prudente as their destination.<\/p>\n<p>The Christmas Village will take place from December 7th to 29th, 2023, with the exception of some specific dates, providing an unmissable spectacle for all who wish to immerse themselves in the Christmas magic. Spread between Pra\u00e7a 9 de Julho and the IBC - Event Center, just 20 minutes from Terra Parque, the event offers a diverse program for the whole family.<\/p>\n<p>With engaging music, sensory awakening gastronomy, and year-end shopping opportunities, Vila Natal integrates various elements to create a unique atmosphere. Christmas lights adorn every corner, creating a magical setting that transports visitors to the warm and festive spirit of the season.<\/p>\n<p>For those who choose <a href=\"https:\/\/terraparque.com.br\/\">Terra Parque Eco Resort<\/a> as their Christmas retreat, the combination of our special program and the attractions of the region will provide moments of joy, camaraderie, and memories that will last a lifetime. December is the perfect time to travel and explore the wonders that Brazil has to offer, and we look forward to sharing this unique experience with you and your family. Come join us and celebrate the magic of Christmas in grand style!<\/p>\n<p><img decoding=\"async\" class=\"wp-image-2769 aligncenter img-fluid\" src=\"https:\/\/terraparque.tur.br\/wp-content\/uploads\/2023\/10\/dezembro-felicita-terra-parque-eco-resort-finais-de-semana.jpg\" alt=\"Finais de Semana de Dezembro no Terra Parque\" width=\"366\" height=\"219\" srcset=\"https:\/\/terraparque.tur.br\/wp-content\/uploads\/2023\/10\/dezembro-felicita-terra-parque-eco-resort-finais-de-semana.jpg 750w, https:\/\/terraparque.tur.br\/wp-content\/uploads\/2023\/10\/dezembro-felicita-terra-parque-eco-resort-finais-de-semana-18x12.jpg 18w\" sizes=\"(max-width: 366px) 100vw, 366px\" \/><\/p>","protected":false},"excerpt":{"rendered":"<p>The month of December is finally upon us, bringing with it the magic and joy characteristic of Christmas.<\/p>","protected":false},"author":6,"featured_media":2769,"comment_status":"open","ping_status":"closed","sticky":false,"template":"","format":"standard","meta":{"footnotes":""},"categories":[126,135],"class_list":["post-2837","post","type-post","status-publish","format-standard","has-post-thumbnail","hentry","category-datas-especiais","category-noticias"],"yoast_head":"<!-- This site is optimized with the Yoast SEO plugin v25.7 - https:\/\/yoast.com\/wordpress\/plugins\/seo\/ -->\n<title>Terra Parque Celebra o Natal em Meio \u00e0s Maravilhas de Dezembro<\/title>\n<meta name=\"description\" content=\"Dezembro est\u00e1 finalmente entre n\u00f3s, trazendo consigo a magia e alegria caracter\u00edstica do Natal, e no Terra Parque n\u00e3o poderia ser diferente.\" \/>\n<meta name=\"robots\" content=\"index, follow, max-snippet:-1, max-image-preview:large, max-video-preview:-1\" \/>\n<link rel=\"canonical\" href=\"https:\/\/terraparque.tur.br\/en\/noticias\/terra-parque-celebra-o-espirito-natalino-em-meio-as-maravilhas-de-dezembro\/\" \/>\n<meta property=\"og:locale\" content=\"en_US\" \/>\n<meta property=\"og:type\" content=\"article\" \/>\n<meta property=\"og:title\" content=\"Terra Parque Celebra o Natal em Meio \u00e0s Maravilhas de Dezembro\" \/>\n<meta property=\"og:description\" content=\"Dezembro est\u00e1 finalmente entre n\u00f3s, trazendo consigo a magia e alegria caracter\u00edstica do Natal, e no Terra Parque n\u00e3o poderia ser diferente.\" \/>\n<meta property=\"og:url\" content=\"https:\/\/terraparque.tur.br\/en\/noticias\/terra-parque-celebra-o-espirito-natalino-em-meio-as-maravilhas-de-dezembro\/\" \/>\n<meta property=\"og:site_name\" content=\"Terra Parque\" \/>\n<meta property=\"article:publisher\" content=\"https:\/\/www.facebook.com\/terraparque\" \/>\n<meta property=\"article:published_time\" content=\"2023-12-15T12:41:13+00:00\" \/>\n<meta property=\"article:modified_time\" content=\"2023-12-21T12:55:42+00:00\" \/>\n<meta property=\"og:image\" content=\"https:\/\/terraparque.tur.br\/wp-content\/uploads\/2023\/10\/Untitled-2-1.jpg\" \/>\n\t<meta property=\"og:image:width\" content=\"750\" \/>\n\t<meta property=\"og:image:height\" content=\"450\" \/>\n\t<meta property=\"og:image:type\" content=\"image\/jpeg\" \/>\n<meta name=\"author\" content=\"Marketing Terra Parque\" \/>\n<meta name=\"twitter:card\" content=\"summary_large_image\" \/>\n<meta name=\"twitter:label1\" content=\"Written by\" \/>\n\t<meta name=\"twitter:data1\" content=\"Marketing Terra Parque\" \/>\n\t<meta name=\"twitter:label2\" content=\"Est. reading time\" \/>\n\t<meta name=\"twitter:data2\" content=\"2 minutes\" \/>\n<script type=\"application\/ld+json\" class=\"yoast-schema-graph\">{\"@context\":\"https:\/\/schema.org\",\"@graph\":[{\"@type\":\"Article\",\"@id\":\"https:\/\/terraparque.tur.br\/noticias\/terra-parque-celebra-o-espirito-natalino-em-meio-as-maravilhas-de-dezembro\/#article\",\"isPartOf\":{\"@id\":\"https:\/\/terraparque.tur.br\/noticias\/terra-parque-celebra-o-espirito-natalino-em-meio-as-maravilhas-de-dezembro\/\"},\"author\":{\"name\":\"Marketing Terra Parque\",\"@id\":\"https:\/\/terraparque.tur.br\/#\/schema\/person\/38ce66ca596c956c0de67f32520202bd\"},\"headline\":\"Terra Parque Eco Resort Celebra o Natal em Meio \u00e0s Maravilhas de Dezembro\",\"datePublished\":\"2023-12-15T12:41:13+00:00\",\"dateModified\":\"2023-12-21T12:55:42+00:00\",\"mainEntityOfPage\":{\"@id\":\"https:\/\/terraparque.tur.br\/noticias\/terra-parque-celebra-o-espirito-natalino-em-meio-as-maravilhas-de-dezembro\/\"},\"wordCount\":366,\"commentCount\":0,\"publisher\":{\"@id\":\"https:\/\/terraparque.tur.br\/#organization\"},\"image\":{\"@id\":\"https:\/\/terraparque.tur.br\/noticias\/terra-parque-celebra-o-espirito-natalino-em-meio-as-maravilhas-de-dezembro\/#primaryimage\"},\"thumbnailUrl\":\"https:\/\/terraparque.tur.br\/wp-content\/uploads\/2023\/10\/dezembro-felicita-terra-parque-eco-resort-finais-de-semana.jpg\",\"articleSection\":[\"Datas Especiais\",\"Noticias\"],\"inLanguage\":\"en-US\",\"potentialAction\":[{\"@type\":\"CommentAction\",\"name\":\"Comment\",\"target\":[\"https:\/\/terraparque.tur.br\/noticias\/terra-parque-celebra-o-espirito-natalino-em-meio-as-maravilhas-de-dezembro\/#respond\"]}]},{\"@type\":\"WebPage\",\"@id\":\"https:\/\/terraparque.tur.br\/noticias\/terra-parque-celebra-o-espirito-natalino-em-meio-as-maravilhas-de-dezembro\/\",\"url\":\"https:\/\/terraparque.tur.br\/noticias\/terra-parque-celebra-o-espirito-natalino-em-meio-as-maravilhas-de-dezembro\/\",\"name\":\"Terra Parque Celebra o Natal em Meio \u00e0s Maravilhas de Dezembro\",\"isPartOf\":{\"@id\":\"https:\/\/terraparque.tur.br\/#website\"},\"primaryImageOfPage\":{\"@id\":\"https:\/\/terraparque.tur.br\/noticias\/terra-parque-celebra-o-espirito-natalino-em-meio-as-maravilhas-de-dezembro\/#primaryimage\"},\"image\":{\"@id\":\"https:\/\/terraparque.tur.br\/noticias\/terra-parque-celebra-o-espirito-natalino-em-meio-as-maravilhas-de-dezembro\/#primaryimage\"},\"thumbnailUrl\":\"https:\/\/terraparque.tur.br\/wp-content\/uploads\/2023\/10\/dezembro-felicita-terra-parque-eco-resort-finais-de-semana.jpg\",\"datePublished\":\"2023-12-15T12:41:13+00:00\",\"dateModified\":\"2023-12-21T12:55:42+00:00\",\"description\":\"Dezembro est\u00e1 finalmente entre n\u00f3s, trazendo consigo a magia e alegria caracter\u00edstica do Natal, e no Terra Parque n\u00e3o poderia ser diferente.\",\"breadcrumb\":{\"@id\":\"https:\/\/terraparque.tur.br\/noticias\/terra-parque-celebra-o-espirito-natalino-em-meio-as-maravilhas-de-dezembro\/#breadcrumb\"},\"inLanguage\":\"en-US\",\"potentialAction\":[{\"@type\":\"ReadAction\",\"target\":[\"https:\/\/terraparque.tur.br\/noticias\/terra-parque-celebra-o-espirito-natalino-em-meio-as-maravilhas-de-dezembro\/\"]}]},{\"@type\":\"ImageObject\",\"inLanguage\":\"en-US\",\"@id\":\"https:\/\/terraparque.tur.br\/noticias\/terra-parque-celebra-o-espirito-natalino-em-meio-as-maravilhas-de-dezembro\/#primaryimage\",\"url\":\"https:\/\/terraparque.tur.br\/wp-content\/uploads\/2023\/10\/dezembro-felicita-terra-parque-eco-resort-finais-de-semana.jpg\",\"contentUrl\":\"https:\/\/terraparque.tur.br\/wp-content\/uploads\/2023\/10\/dezembro-felicita-terra-parque-eco-resort-finais-de-semana.jpg\",\"width\":750,\"height\":450,\"caption\":\"Dezembro Felicita Terra Parque Eco Resort Finais De Semana\"},{\"@type\":\"BreadcrumbList\",\"@id\":\"https:\/\/terraparque.tur.br\/noticias\/terra-parque-celebra-o-espirito-natalino-em-meio-as-maravilhas-de-dezembro\/#breadcrumb\",\"itemListElement\":[{\"@type\":\"ListItem\",\"position\":1,\"name\":\"Home\",\"item\":\"https:\/\/terraparque.tur.br\/\"},{\"@type\":\"ListItem\",\"position\":2,\"name\":\"Terra Parque Eco Resort Celebra o Natal em Meio \u00e0s Maravilhas de Dezembro\"}]},{\"@type\":\"WebSite\",\"@id\":\"https:\/\/terraparque.tur.br\/#website\",\"url\":\"https:\/\/terraparque.tur.br\/\",\"name\":\"Terra Parque Eco Resort\",\"description\":\"\",\"publisher\":{\"@id\":\"https:\/\/terraparque.tur.br\/#organization\"},\"potentialAction\":[{\"@type\":\"SearchAction\",\"target\":{\"@type\":\"EntryPoint\",\"urlTemplate\":\"https:\/\/terraparque.tur.br\/?s={search_term_string}\"},\"query-input\":{\"@type\":\"PropertyValueSpecification\",\"valueRequired\":true,\"valueName\":\"search_term_string\"}}],\"inLanguage\":\"en-US\"},{\"@type\":\"Organization\",\"@id\":\"https:\/\/terraparque.tur.br\/#organization\",\"name\":\"Terra Parque Eco Resort\",\"url\":\"https:\/\/terraparque.tur.br\/\",\"logo\":{\"@type\":\"ImageObject\",\"inLanguage\":\"en-US\",\"@id\":\"https:\/\/terraparque.tur.br\/#\/schema\/logo\/image\/\",\"url\":\"https:\/\/terraparque.tur.br\/wp-content\/uploads\/2023\/03\/terra-favicon.png\",\"contentUrl\":\"https:\/\/terraparque.tur.br\/wp-content\/uploads\/2023\/03\/terra-favicon.png\",\"width\":512,\"height\":512,\"caption\":\"Terra Parque Eco Resort\"},\"image\":{\"@id\":\"https:\/\/terraparque.tur.br\/#\/schema\/logo\/image\/\"},\"sameAs\":[\"https:\/\/www.facebook.com\/terraparque\",\"https:\/\/www.instagram.com\/terraparque\/\",\"https:\/\/www.youtube.com\/terraparqueecoresort\",\"https:\/\/www.tiktok.com\/@terraparque\",\"https:\/\/www.tripadvisor.com.br\/Hotel_Review-g2350053-d2623441-Reviews-Terra_Parque_Eco_Resort-Pirapozinho_State_of_Sao_Paulo.html\"]},{\"@type\":\"Person\",\"@id\":\"https:\/\/terraparque.tur.br\/#\/schema\/person\/38ce66ca596c956c0de67f32520202bd\",\"name\":\"Marketing Terra Parque\",\"image\":{\"@type\":\"ImageObject\",\"inLanguage\":\"en-US\",\"@id\":\"https:\/\/terraparque.tur.br\/#\/schema\/person\/image\/\",\"url\":\"https:\/\/secure.gravatar.com\/avatar\/0e89690409625a63af9c4b8e458f72c58e73d77403a541428971be632ff4282b?s=96&d=mm&r=g\",\"contentUrl\":\"https:\/\/secure.gravatar.com\/avatar\/0e89690409625a63af9c4b8e458f72c58e73d77403a541428971be632ff4282b?s=96&d=mm&r=g\",\"caption\":\"Marketing Terra Parque\"}}]}<\/script>\n<!-- \/ Yoast SEO plugin. -->","yoast_head_json":{"title":"Terra Parque Celebra o Natal em Meio \u00e0s Maravilhas de Dezembro","description":"Dezembro est\u00e1 finalmente entre n\u00f3s, trazendo consigo a magia e alegria caracter\u00edstica do Natal, e no Terra Parque n\u00e3o poderia ser diferente.","robots":{"index":"index","follow":"follow","max-snippet":"max-snippet:-1","max-image-preview":"max-image-preview:large","max-video-preview":"max-video-preview:-1"},"canonical":"https:\/\/terraparque.tur.br\/en\/noticias\/terra-parque-celebra-o-espirito-natalino-em-meio-as-maravilhas-de-dezembro\/","og_locale":"en_US","og_type":"article","og_title":"Terra Parque Celebra o Natal em Meio \u00e0s Maravilhas de Dezembro","og_description":"Dezembro est\u00e1 finalmente entre n\u00f3s, trazendo consigo a magia e alegria caracter\u00edstica do Natal, e no Terra Parque n\u00e3o poderia ser diferente.","og_url":"https:\/\/terraparque.tur.br\/en\/noticias\/terra-parque-celebra-o-espirito-natalino-em-meio-as-maravilhas-de-dezembro\/","og_site_name":"Terra Parque","article_publisher":"https:\/\/www.facebook.com\/terraparque","article_published_time":"2023-12-15T12:41:13+00:00","article_modified_time":"2023-12-21T12:55:42+00:00","og_image":[{"width":750,"height":450,"url":"https:\/\/terraparque.tur.br\/wp-content\/uploads\/2023\/10\/Untitled-2-1.jpg","type":"image\/jpeg"}],"author":"Marketing Terra Parque","twitter_card":"summary_large_image","twitter_misc":{"Written by":"Marketing Terra Parque","Est. reading time":"2 minutes"},"schema":{"@context":"https:\/\/schema.org","@graph":[{"@type":"Article","@id":"https:\/\/terraparque.tur.br\/noticias\/terra-parque-celebra-o-espirito-natalino-em-meio-as-maravilhas-de-dezembro\/#article","isPartOf":{"@id":"https:\/\/terraparque.tur.br\/noticias\/terra-parque-celebra-o-espirito-natalino-em-meio-as-maravilhas-de-dezembro\/"},"author":{"name":"Marketing Terra Parque","@id":"https:\/\/terraparque.tur.br\/#\/schema\/person\/38ce66ca596c956c0de67f32520202bd"},"headline":"Terra Parque Eco Resort Celebra o Natal em Meio \u00e0s Maravilhas de Dezembro","datePublished":"2023-12-15T12:41:13+00:00","dateModified":"2023-12-21T12:55:42+00:00","mainEntityOfPage":{"@id":"https:\/\/terraparque.tur.br\/noticias\/terra-parque-celebra-o-espirito-natalino-em-meio-as-maravilhas-de-dezembro\/"},"wordCount":366,"commentCount":0,"publisher":{"@id":"https:\/\/terraparque.tur.br\/#organization"},"image":{"@id":"https:\/\/terraparque.tur.br\/noticias\/terra-parque-celebra-o-espirito-natalino-em-meio-as-maravilhas-de-dezembro\/#primaryimage"},"thumbnailUrl":"https:\/\/terraparque.tur.br\/wp-content\/uploads\/2023\/10\/dezembro-felicita-terra-parque-eco-resort-finais-de-semana.jpg","articleSection":["Datas Especiais","Noticias"],"inLanguage":"en-US","potentialAction":[{"@type":"CommentAction","name":"Comment","target":["https:\/\/terraparque.tur.br\/noticias\/terra-parque-celebra-o-espirito-natalino-em-meio-as-maravilhas-de-dezembro\/#respond"]}]},{"@type":"WebPage","@id":"https:\/\/terraparque.tur.br\/noticias\/terra-parque-celebra-o-espirito-natalino-em-meio-as-maravilhas-de-dezembro\/","url":"https:\/\/terraparque.tur.br\/noticias\/terra-parque-celebra-o-espirito-natalino-em-meio-as-maravilhas-de-dezembro\/","name":"Terra Parque Celebra o Natal em Meio \u00e0s Maravilhas de Dezembro","isPartOf":{"@id":"https:\/\/terraparque.tur.br\/#website"},"primaryImageOfPage":{"@id":"https:\/\/terraparque.tur.br\/noticias\/terra-parque-celebra-o-espirito-natalino-em-meio-as-maravilhas-de-dezembro\/#primaryimage"},"image":{"@id":"https:\/\/terraparque.tur.br\/noticias\/terra-parque-celebra-o-espirito-natalino-em-meio-as-maravilhas-de-dezembro\/#primaryimage"},"thumbnailUrl":"https:\/\/terraparque.tur.br\/wp-content\/uploads\/2023\/10\/dezembro-felicita-terra-parque-eco-resort-finais-de-semana.jpg","datePublished":"2023-12-15T12:41:13+00:00","dateModified":"2023-12-21T12:55:42+00:00","description":"Dezembro est\u00e1 finalmente entre n\u00f3s, trazendo consigo a magia e alegria caracter\u00edstica do Natal, e no Terra Parque n\u00e3o poderia ser diferente.","breadcrumb":{"@id":"https:\/\/terraparque.tur.br\/noticias\/terra-parque-celebra-o-espirito-natalino-em-meio-as-maravilhas-de-dezembro\/#breadcrumb"},"inLanguage":"en-US","potentialAction":[{"@type":"ReadAction","target":["https:\/\/terraparque.tur.br\/noticias\/terra-parque-celebra-o-espirito-natalino-em-meio-as-maravilhas-de-dezembro\/"]}]},{"@type":"ImageObject","inLanguage":"en-US","@id":"https:\/\/terraparque.tur.br\/noticias\/terra-parque-celebra-o-espirito-natalino-em-meio-as-maravilhas-de-dezembro\/#primaryimage","url":"https:\/\/terraparque.tur.br\/wp-content\/uploads\/2023\/10\/dezembro-felicita-terra-parque-eco-resort-finais-de-semana.jpg","contentUrl":"https:\/\/terraparque.tur.br\/wp-content\/uploads\/2023\/10\/dezembro-felicita-terra-parque-eco-resort-finais-de-semana.jpg","width":750,"height":450,"caption":"Dezembro Felicita Terra Parque Eco Resort Finais De Semana"},{"@type":"BreadcrumbList","@id":"https:\/\/terraparque.tur.br\/noticias\/terra-parque-celebra-o-espirito-natalino-em-meio-as-maravilhas-de-dezembro\/#breadcrumb","itemListElement":[{"@type":"ListItem","position":1,"name":"Home","item":"https:\/\/terraparque.tur.br\/"},{"@type":"ListItem","position":2,"name":"Terra Parque Eco Resort Celebra o Natal em Meio \u00e0s Maravilhas de Dezembro"}]},{"@type":"WebSite","@id":"https:\/\/terraparque.tur.br\/#website","url":"https:\/\/terraparque.tur.br\/","name":"Terra Parque Eco Resort","description":"","publisher":{"@id":"https:\/\/terraparque.tur.br\/#organization"},"potentialAction":[{"@type":"SearchAction","target":{"@type":"EntryPoint","urlTemplate":"https:\/\/terraparque.tur.br\/?s={search_term_string}"},"query-input":{"@type":"PropertyValueSpecification","valueRequired":true,"valueName":"search_term_string"}}],"inLanguage":"en-US"},{"@type":"Organization","@id":"https:\/\/terraparque.tur.br\/#organization","name":"Terra Parque Eco Resort","url":"https:\/\/terraparque.tur.br\/","logo":{"@type":"ImageObject","inLanguage":"en-US","@id":"https:\/\/terraparque.tur.br\/#\/schema\/logo\/image\/","url":"https:\/\/terraparque.tur.br\/wp-content\/uploads\/2023\/03\/terra-favicon.png","contentUrl":"https:\/\/terraparque.tur.br\/wp-content\/uploads\/2023\/03\/terra-favicon.png","width":512,"height":512,"caption":"Terra Parque Eco Resort"},"image":{"@id":"https:\/\/terraparque.tur.br\/#\/schema\/logo\/image\/"},"sameAs":["https:\/\/www.facebook.com\/terraparque","https:\/\/www.instagram.com\/terraparque\/","https:\/\/www.youtube.com\/terraparqueecoresort","https:\/\/www.tiktok.com\/@terraparque","https:\/\/www.tripadvisor.com.br\/Hotel_Review-g2350053-d2623441-Reviews-Terra_Parque_Eco_Resort-Pirapozinho_State_of_Sao_Paulo.html"]},{"@type":"Person","@id":"https:\/\/terraparque.tur.br\/#\/schema\/person\/38ce66ca596c956c0de67f32520202bd","name":"Marketing Terra Parque","image":{"@type":"ImageObject","inLanguage":"en-US","@id":"https:\/\/terraparque.tur.br\/#\/schema\/person\/image\/","url":"https:\/\/secure.gravatar.com\/avatar\/0e89690409625a63af9c4b8e458f72c58e73d77403a541428971be632ff4282b?s=96&d=mm&r=g","contentUrl":"https:\/\/secure.gravatar.com\/avatar\/0e89690409625a63af9c4b8e458f72c58e73d77403a541428971be632ff4282b?s=96&d=mm&r=g","caption":"Marketing Terra Parque"}}]}},"_links":{"self":[{"href":"https:\/\/terraparque.tur.br\/en\/wp-json\/wp\/v2\/posts\/2837","targetHints":{"allow":["GET"]}}],"collection":[{"href":"https:\/\/terraparque.tur.br\/en\/wp-json\/wp\/v2\/posts"}],"about":[{"href":"https:\/\/terraparque.tur.br\/en\/wp-json\/wp\/v2\/types\/post"}],"author":[{"embeddable":true,"href":"https:\/\/terraparque.tur.br\/en\/wp-json\/wp\/v2\/users\/6"}],"replies":[{"embeddable":true,"href":"https:\/\/terraparque.tur.br\/en\/wp-json\/wp\/v2\/comments?post=2837"}],"version-history":[{"count":0,"href":"https:\/\/terraparque.tur.br\/en\/wp-json\/wp\/v2\/posts\/2837\/revisions"}],"wp:featuredmedia":[{"embeddable":true,"href":"https:\/\/terraparque.tur.br\/en\/wp-json\/wp\/v2\/media\/2769"}],"wp:attachment":[{"href":"https:\/\/terraparque.tur.br\/en\/wp-json\/wp\/v2\/media?parent=2837"}],"wp:term":[{"taxonomy":"category","embeddable":true,"href":"https:\/\/terraparque.tur.br\/en\/wp-json\/wp\/v2\/categories?post=2837"}],"curies":[{"name":"wp","href":"https:\/\/api.w.org\/{rel}","templated":true}]}}