{"id":2472,"date":"2023-08-11T16:42:23","date_gmt":"2023-08-11T19:42:23","guid":{"rendered":"https:\/\/terraparque.tur.br\/?p=2472"},"modified":"2023-08-12T16:01:06","modified_gmt":"2023-08-12T19:01:06","slug":"dica-para-aproveitar-o-feriado-do-aniversario-de-presidente-prudente","status":"publish","type":"post","link":"https:\/\/terraparque.tur.br\/en\/noticias\/dica-para-aproveitar-o-feriado-do-aniversario-de-presidente-prudente\/","title":{"rendered":"Tip to enjoy Presidente Prudente's birthday holiday"},"content":{"rendered":"<p>The birthday of our beloved Presidente Prudente is approaching, on September 14th, and with it comes the perfect opportunity to break free from routine and truly relax. On an exclusive holiday for the city, many are eager to take advantage of the occasion and explore new horizons. How about a valuable tip to celebrate the event near the city, saving hours on the road and enjoying a promotional price?<\/p>\n<p>Just 5 minutes from Presidente Prudente Airport, you'll find Terra Parque Eco Resort, which on this special occasion, has prepared an exclusive offer that will make this celebration even more memorable.<\/p>\n<p>Imagine yourself surrounded by lush nature and enveloped in an atmosphere of leisure and relaxation. Terra Parque Eco Resort offers a variety of lodging options, with 143 apartments divided into 8 categories, and numerous attractions, highlighted by an impressive aquatic complex featuring over 10 pools and 7 water slides. A true aquatic paradise that captivates both the young seeking fun and adults looking for peaceful moments.<\/p>\n<p><img decoding=\"async\" class=\"wp-image-2474 aligncenter img-fluid\" src=\"https:\/\/terraparque.tur.br\/wp-content\/uploads\/2023\/08\/03-apartamentos-do-terra-parque.jpg\" alt=\"Apartamentos para o anivers\u00e1rio de Presidente Prudente do Terra Parque\" width=\"448\" height=\"299\" srcset=\"https:\/\/terraparque.tur.br\/wp-content\/uploads\/2023\/08\/03-apartamentos-do-terra-parque.jpg 1600w, https:\/\/terraparque.tur.br\/wp-content\/uploads\/2023\/08\/03-apartamentos-do-terra-parque-768x513.jpg 768w, https:\/\/terraparque.tur.br\/wp-content\/uploads\/2023\/08\/03-apartamentos-do-terra-parque-1536x1025.jpg 1536w, https:\/\/terraparque.tur.br\/wp-content\/uploads\/2023\/08\/03-apartamentos-do-terra-parque-18x12.jpg 18w\" sizes=\"(max-width: 448px) 100vw, 448px\" \/><\/p>\n<p>And as the main attraction, the magnificent show of the Terra Parque Volcano. Get ready for a spectacle of lights, audiovisual effects, and even real fire that will surely leave everyone speechless. It's an experience that surpasses expectations.<\/p>\n<p>The resort also offers recreational activities for all ages, from the little ones aged 4 to adults, divided into age groups and with a highly qualified team of monitors.<\/p>\n<p>The experience at Terra Parque Eco Resort also includes different themed meals every day. Enjoy breakfast, lunch, and dinner accompanied by a variety of soft drinks, juices, and beers during meals. Furthermore, a station with over 20 types of delicious desserts awaits for you to indulge in during this holiday.<\/p>\n<p>Therefore, Terra Parque is the ideal option to enjoy the holiday in great style, surrounded by nature and indulging in unforgettable family moments.<\/p>\n<p>With incredible promotional prices, packages starting from 10 installments of R$ 184.00, from September 13th to 15th, and 2 children up to 12 years old staying as complimentary guests, and the convenience of being just 10 minutes away from the city's airport, providing a complete experience and a memorable celebration. For more information, simply visit the website. <a href=\"http:\/\/terraparque.tur.br\/en\/\">terraparque.tur.br<\/a> or via <a href=\"https:\/\/api.whatsapp.com\/send\/?phone=5518981480079&amp;text&amp;type=phone_number&amp;app_absent=0\">WhatsApp at (18) 98148-0079.<\/a><\/p>\n<p><img decoding=\"async\" class=\"wp-image-2475 aligncenter img-fluid\" src=\"https:\/\/terraparque.tur.br\/wp-content\/uploads\/2023\/08\/dica-para-aproveitar-o-feriado-do-aniversario-de-presidente-prudente.jpg\" alt=\"Piscinas internas aquecidas a noite para o anivers\u00e1rio de Presidente Prudente\" width=\"443\" height=\"295\" srcset=\"https:\/\/terraparque.tur.br\/wp-content\/uploads\/2023\/08\/dica-para-aproveitar-o-feriado-do-aniversario-de-presidente-prudente.jpg 1600w, https:\/\/terraparque.tur.br\/wp-content\/uploads\/2023\/08\/dica-para-aproveitar-o-feriado-do-aniversario-de-presidente-prudente-768x513.jpg 768w, https:\/\/terraparque.tur.br\/wp-content\/uploads\/2023\/08\/dica-para-aproveitar-o-feriado-do-aniversario-de-presidente-prudente-1536x1025.jpg 1536w, https:\/\/terraparque.tur.br\/wp-content\/uploads\/2023\/08\/dica-para-aproveitar-o-feriado-do-aniversario-de-presidente-prudente-18x12.jpg 18w\" sizes=\"(max-width: 443px) 100vw, 443px\" \/><\/p>","protected":false},"excerpt":{"rendered":"<p>The birthday of our beloved Presidente Prudente is approaching, on September 14th, and with it...<\/p>","protected":false},"author":6,"featured_media":2473,"comment_status":"open","ping_status":"closed","sticky":false,"template":"","format":"standard","meta":{"footnotes":""},"categories":[126,135],"class_list":["post-2472","post","type-post","status-publish","format-standard","has-post-thumbnail","hentry","category-datas-especiais","category-noticias"],"yoast_head":"<!-- This site is optimized with the Yoast SEO plugin v25.7 - https:\/\/yoast.com\/wordpress\/plugins\/seo\/ -->\n<title>Presidente Prudente: Dica para aproveitar o feriado de anivers\u00e1rio<\/title>\n<meta name=\"description\" content=\"Gastronomia tem\u00e1tica, momentos de lazer e divers\u00e3o em um ref\u00fagio pr\u00f3ximo e encantador, especial para o anivers\u00e1rio de Presidente Prudente.\" \/>\n<meta name=\"robots\" content=\"index, follow, max-snippet:-1, max-image-preview:large, max-video-preview:-1\" \/>\n<link rel=\"canonical\" href=\"https:\/\/terraparque.tur.br\/en\/noticias\/dica-para-aproveitar-o-feriado-do-aniversario-de-presidente-prudente\/\" \/>\n<meta property=\"og:locale\" content=\"en_US\" \/>\n<meta property=\"og:type\" content=\"article\" \/>\n<meta property=\"og:title\" content=\"Presidente Prudente: Dica para aproveitar o feriado de anivers\u00e1rio\" \/>\n<meta property=\"og:description\" content=\"Gastronomia tem\u00e1tica, momentos de lazer e divers\u00e3o em um ref\u00fagio pr\u00f3ximo e encantador, especial para o anivers\u00e1rio de Presidente Prudente.\" \/>\n<meta property=\"og:url\" content=\"https:\/\/terraparque.tur.br\/en\/noticias\/dica-para-aproveitar-o-feriado-do-aniversario-de-presidente-prudente\/\" \/>\n<meta property=\"og:site_name\" content=\"Terra Parque\" \/>\n<meta property=\"article:publisher\" content=\"https:\/\/www.facebook.com\/terraparque\" \/>\n<meta property=\"article:published_time\" content=\"2023-08-11T19:42:23+00:00\" \/>\n<meta property=\"article:modified_time\" content=\"2023-08-12T19:01:06+00:00\" \/>\n<meta property=\"og:image\" content=\"https:\/\/terraparque.tur.br\/wp-content\/uploads\/2023\/08\/05-Vulcao-visto-de-cima.jpg\" \/>\n\t<meta property=\"og:image:width\" content=\"1600\" \/>\n\t<meta property=\"og:image:height\" content=\"900\" \/>\n\t<meta property=\"og:image:type\" content=\"image\/jpeg\" \/>\n<meta name=\"author\" content=\"Marketing Terra Parque\" \/>\n<meta name=\"twitter:card\" content=\"summary_large_image\" \/>\n<meta name=\"twitter:label1\" content=\"Written by\" \/>\n\t<meta name=\"twitter:data1\" content=\"Marketing Terra Parque\" \/>\n\t<meta name=\"twitter:label2\" content=\"Est. reading time\" \/>\n\t<meta name=\"twitter:data2\" content=\"3 minutes\" \/>\n<script type=\"application\/ld+json\" class=\"yoast-schema-graph\">{\"@context\":\"https:\/\/schema.org\",\"@graph\":[{\"@type\":\"Article\",\"@id\":\"https:\/\/terraparque.tur.br\/noticias\/dica-para-aproveitar-o-feriado-do-aniversario-de-presidente-prudente\/#article\",\"isPartOf\":{\"@id\":\"https:\/\/terraparque.tur.br\/noticias\/dica-para-aproveitar-o-feriado-do-aniversario-de-presidente-prudente\/\"},\"author\":{\"name\":\"Marketing Terra Parque\",\"@id\":\"https:\/\/terraparque.tur.br\/#\/schema\/person\/38ce66ca596c956c0de67f32520202bd\"},\"headline\":\"Dica para aproveitar o feriado do anivers\u00e1rio de Presidente Prudente\",\"datePublished\":\"2023-08-11T19:42:23+00:00\",\"dateModified\":\"2023-08-12T19:01:06+00:00\",\"mainEntityOfPage\":{\"@id\":\"https:\/\/terraparque.tur.br\/noticias\/dica-para-aproveitar-o-feriado-do-aniversario-de-presidente-prudente\/\"},\"wordCount\":419,\"commentCount\":0,\"publisher\":{\"@id\":\"https:\/\/terraparque.tur.br\/#organization\"},\"image\":{\"@id\":\"https:\/\/terraparque.tur.br\/noticias\/dica-para-aproveitar-o-feriado-do-aniversario-de-presidente-prudente\/#primaryimage\"},\"thumbnailUrl\":\"https:\/\/terraparque.tur.br\/wp-content\/uploads\/2023\/08\/feriado-de-presidente-prudente-no-terra-parque.jpg\",\"articleSection\":[\"Datas Especiais\",\"Noticias\"],\"inLanguage\":\"en-US\",\"potentialAction\":[{\"@type\":\"CommentAction\",\"name\":\"Comment\",\"target\":[\"https:\/\/terraparque.tur.br\/noticias\/dica-para-aproveitar-o-feriado-do-aniversario-de-presidente-prudente\/#respond\"]}]},{\"@type\":\"WebPage\",\"@id\":\"https:\/\/terraparque.tur.br\/noticias\/dica-para-aproveitar-o-feriado-do-aniversario-de-presidente-prudente\/\",\"url\":\"https:\/\/terraparque.tur.br\/noticias\/dica-para-aproveitar-o-feriado-do-aniversario-de-presidente-prudente\/\",\"name\":\"Presidente Prudente: Dica para aproveitar o feriado de anivers\u00e1rio\",\"isPartOf\":{\"@id\":\"https:\/\/terraparque.tur.br\/#website\"},\"primaryImageOfPage\":{\"@id\":\"https:\/\/terraparque.tur.br\/noticias\/dica-para-aproveitar-o-feriado-do-aniversario-de-presidente-prudente\/#primaryimage\"},\"image\":{\"@id\":\"https:\/\/terraparque.tur.br\/noticias\/dica-para-aproveitar-o-feriado-do-aniversario-de-presidente-prudente\/#primaryimage\"},\"thumbnailUrl\":\"https:\/\/terraparque.tur.br\/wp-content\/uploads\/2023\/08\/feriado-de-presidente-prudente-no-terra-parque.jpg\",\"datePublished\":\"2023-08-11T19:42:23+00:00\",\"dateModified\":\"2023-08-12T19:01:06+00:00\",\"description\":\"Gastronomia tem\u00e1tica, momentos de lazer e divers\u00e3o em um ref\u00fagio pr\u00f3ximo e encantador, especial para o anivers\u00e1rio de Presidente Prudente.\",\"breadcrumb\":{\"@id\":\"https:\/\/terraparque.tur.br\/noticias\/dica-para-aproveitar-o-feriado-do-aniversario-de-presidente-prudente\/#breadcrumb\"},\"inLanguage\":\"en-US\",\"potentialAction\":[{\"@type\":\"ReadAction\",\"target\":[\"https:\/\/terraparque.tur.br\/noticias\/dica-para-aproveitar-o-feriado-do-aniversario-de-presidente-prudente\/\"]}]},{\"@type\":\"ImageObject\",\"inLanguage\":\"en-US\",\"@id\":\"https:\/\/terraparque.tur.br\/noticias\/dica-para-aproveitar-o-feriado-do-aniversario-de-presidente-prudente\/#primaryimage\",\"url\":\"https:\/\/terraparque.tur.br\/wp-content\/uploads\/2023\/08\/feriado-de-presidente-prudente-no-terra-parque.jpg\",\"contentUrl\":\"https:\/\/terraparque.tur.br\/wp-content\/uploads\/2023\/08\/feriado-de-presidente-prudente-no-terra-parque.jpg\",\"width\":1600,\"height\":900,\"caption\":\"Feriado De Presidente Prudente No Terra Parque\"},{\"@type\":\"BreadcrumbList\",\"@id\":\"https:\/\/terraparque.tur.br\/noticias\/dica-para-aproveitar-o-feriado-do-aniversario-de-presidente-prudente\/#breadcrumb\",\"itemListElement\":[{\"@type\":\"ListItem\",\"position\":1,\"name\":\"Home\",\"item\":\"https:\/\/terraparque.tur.br\/\"},{\"@type\":\"ListItem\",\"position\":2,\"name\":\"Dica para aproveitar o feriado do anivers\u00e1rio de Presidente Prudente\"}]},{\"@type\":\"WebSite\",\"@id\":\"https:\/\/terraparque.tur.br\/#website\",\"url\":\"https:\/\/terraparque.tur.br\/\",\"name\":\"Terra Parque Eco Resort\",\"description\":\"\",\"publisher\":{\"@id\":\"https:\/\/terraparque.tur.br\/#organization\"},\"potentialAction\":[{\"@type\":\"SearchAction\",\"target\":{\"@type\":\"EntryPoint\",\"urlTemplate\":\"https:\/\/terraparque.tur.br\/?s={search_term_string}\"},\"query-input\":{\"@type\":\"PropertyValueSpecification\",\"valueRequired\":true,\"valueName\":\"search_term_string\"}}],\"inLanguage\":\"en-US\"},{\"@type\":\"Organization\",\"@id\":\"https:\/\/terraparque.tur.br\/#organization\",\"name\":\"Terra Parque Eco Resort\",\"url\":\"https:\/\/terraparque.tur.br\/\",\"logo\":{\"@type\":\"ImageObject\",\"inLanguage\":\"en-US\",\"@id\":\"https:\/\/terraparque.tur.br\/#\/schema\/logo\/image\/\",\"url\":\"https:\/\/terraparque.tur.br\/wp-content\/uploads\/2023\/03\/terra-favicon.png\",\"contentUrl\":\"https:\/\/terraparque.tur.br\/wp-content\/uploads\/2023\/03\/terra-favicon.png\",\"width\":512,\"height\":512,\"caption\":\"Terra Parque Eco Resort\"},\"image\":{\"@id\":\"https:\/\/terraparque.tur.br\/#\/schema\/logo\/image\/\"},\"sameAs\":[\"https:\/\/www.facebook.com\/terraparque\",\"https:\/\/www.instagram.com\/terraparque\/\",\"https:\/\/www.youtube.com\/terraparqueecoresort\",\"https:\/\/www.tiktok.com\/@terraparque\",\"https:\/\/www.tripadvisor.com.br\/Hotel_Review-g2350053-d2623441-Reviews-Terra_Parque_Eco_Resort-Pirapozinho_State_of_Sao_Paulo.html\"]},{\"@type\":\"Person\",\"@id\":\"https:\/\/terraparque.tur.br\/#\/schema\/person\/38ce66ca596c956c0de67f32520202bd\",\"name\":\"Marketing Terra Parque\",\"image\":{\"@type\":\"ImageObject\",\"inLanguage\":\"en-US\",\"@id\":\"https:\/\/terraparque.tur.br\/#\/schema\/person\/image\/\",\"url\":\"https:\/\/secure.gravatar.com\/avatar\/0e89690409625a63af9c4b8e458f72c58e73d77403a541428971be632ff4282b?s=96&d=mm&r=g\",\"contentUrl\":\"https:\/\/secure.gravatar.com\/avatar\/0e89690409625a63af9c4b8e458f72c58e73d77403a541428971be632ff4282b?s=96&d=mm&r=g\",\"caption\":\"Marketing Terra Parque\"}}]}<\/script>\n<!-- \/ Yoast SEO plugin. -->","yoast_head_json":{"title":"Presidente Prudente: Dica para aproveitar o feriado de anivers\u00e1rio","description":"Gastronomia tem\u00e1tica, momentos de lazer e divers\u00e3o em um ref\u00fagio pr\u00f3ximo e encantador, especial para o anivers\u00e1rio de Presidente Prudente.","robots":{"index":"index","follow":"follow","max-snippet":"max-snippet:-1","max-image-preview":"max-image-preview:large","max-video-preview":"max-video-preview:-1"},"canonical":"https:\/\/terraparque.tur.br\/en\/noticias\/dica-para-aproveitar-o-feriado-do-aniversario-de-presidente-prudente\/","og_locale":"en_US","og_type":"article","og_title":"Presidente Prudente: Dica para aproveitar o feriado de anivers\u00e1rio","og_description":"Gastronomia tem\u00e1tica, momentos de lazer e divers\u00e3o em um ref\u00fagio pr\u00f3ximo e encantador, especial para o anivers\u00e1rio de Presidente Prudente.","og_url":"https:\/\/terraparque.tur.br\/en\/noticias\/dica-para-aproveitar-o-feriado-do-aniversario-de-presidente-prudente\/","og_site_name":"Terra Parque","article_publisher":"https:\/\/www.facebook.com\/terraparque","article_published_time":"2023-08-11T19:42:23+00:00","article_modified_time":"2023-08-12T19:01:06+00:00","og_image":[{"width":1600,"height":900,"url":"https:\/\/terraparque.tur.br\/wp-content\/uploads\/2023\/08\/05-Vulcao-visto-de-cima.jpg","type":"image\/jpeg"}],"author":"Marketing Terra Parque","twitter_card":"summary_large_image","twitter_misc":{"Written by":"Marketing Terra Parque","Est. reading time":"3 minutes"},"schema":{"@context":"https:\/\/schema.org","@graph":[{"@type":"Article","@id":"https:\/\/terraparque.tur.br\/noticias\/dica-para-aproveitar-o-feriado-do-aniversario-de-presidente-prudente\/#article","isPartOf":{"@id":"https:\/\/terraparque.tur.br\/noticias\/dica-para-aproveitar-o-feriado-do-aniversario-de-presidente-prudente\/"},"author":{"name":"Marketing Terra Parque","@id":"https:\/\/terraparque.tur.br\/#\/schema\/person\/38ce66ca596c956c0de67f32520202bd"},"headline":"Dica para aproveitar o feriado do anivers\u00e1rio de Presidente Prudente","datePublished":"2023-08-11T19:42:23+00:00","dateModified":"2023-08-12T19:01:06+00:00","mainEntityOfPage":{"@id":"https:\/\/terraparque.tur.br\/noticias\/dica-para-aproveitar-o-feriado-do-aniversario-de-presidente-prudente\/"},"wordCount":419,"commentCount":0,"publisher":{"@id":"https:\/\/terraparque.tur.br\/#organization"},"image":{"@id":"https:\/\/terraparque.tur.br\/noticias\/dica-para-aproveitar-o-feriado-do-aniversario-de-presidente-prudente\/#primaryimage"},"thumbnailUrl":"https:\/\/terraparque.tur.br\/wp-content\/uploads\/2023\/08\/feriado-de-presidente-prudente-no-terra-parque.jpg","articleSection":["Datas Especiais","Noticias"],"inLanguage":"en-US","potentialAction":[{"@type":"CommentAction","name":"Comment","target":["https:\/\/terraparque.tur.br\/noticias\/dica-para-aproveitar-o-feriado-do-aniversario-de-presidente-prudente\/#respond"]}]},{"@type":"WebPage","@id":"https:\/\/terraparque.tur.br\/noticias\/dica-para-aproveitar-o-feriado-do-aniversario-de-presidente-prudente\/","url":"https:\/\/terraparque.tur.br\/noticias\/dica-para-aproveitar-o-feriado-do-aniversario-de-presidente-prudente\/","name":"Presidente Prudente: Dica para aproveitar o feriado de anivers\u00e1rio","isPartOf":{"@id":"https:\/\/terraparque.tur.br\/#website"},"primaryImageOfPage":{"@id":"https:\/\/terraparque.tur.br\/noticias\/dica-para-aproveitar-o-feriado-do-aniversario-de-presidente-prudente\/#primaryimage"},"image":{"@id":"https:\/\/terraparque.tur.br\/noticias\/dica-para-aproveitar-o-feriado-do-aniversario-de-presidente-prudente\/#primaryimage"},"thumbnailUrl":"https:\/\/terraparque.tur.br\/wp-content\/uploads\/2023\/08\/feriado-de-presidente-prudente-no-terra-parque.jpg","datePublished":"2023-08-11T19:42:23+00:00","dateModified":"2023-08-12T19:01:06+00:00","description":"Gastronomia tem\u00e1tica, momentos de lazer e divers\u00e3o em um ref\u00fagio pr\u00f3ximo e encantador, especial para o anivers\u00e1rio de Presidente Prudente.","breadcrumb":{"@id":"https:\/\/terraparque.tur.br\/noticias\/dica-para-aproveitar-o-feriado-do-aniversario-de-presidente-prudente\/#breadcrumb"},"inLanguage":"en-US","potentialAction":[{"@type":"ReadAction","target":["https:\/\/terraparque.tur.br\/noticias\/dica-para-aproveitar-o-feriado-do-aniversario-de-presidente-prudente\/"]}]},{"@type":"ImageObject","inLanguage":"en-US","@id":"https:\/\/terraparque.tur.br\/noticias\/dica-para-aproveitar-o-feriado-do-aniversario-de-presidente-prudente\/#primaryimage","url":"https:\/\/terraparque.tur.br\/wp-content\/uploads\/2023\/08\/feriado-de-presidente-prudente-no-terra-parque.jpg","contentUrl":"https:\/\/terraparque.tur.br\/wp-content\/uploads\/2023\/08\/feriado-de-presidente-prudente-no-terra-parque.jpg","width":1600,"height":900,"caption":"Feriado De Presidente Prudente No Terra Parque"},{"@type":"BreadcrumbList","@id":"https:\/\/terraparque.tur.br\/noticias\/dica-para-aproveitar-o-feriado-do-aniversario-de-presidente-prudente\/#breadcrumb","itemListElement":[{"@type":"ListItem","position":1,"name":"Home","item":"https:\/\/terraparque.tur.br\/"},{"@type":"ListItem","position":2,"name":"Dica para aproveitar o feriado do anivers\u00e1rio de Presidente Prudente"}]},{"@type":"WebSite","@id":"https:\/\/terraparque.tur.br\/#website","url":"https:\/\/terraparque.tur.br\/","name":"Terra Parque Eco Resort","description":"","publisher":{"@id":"https:\/\/terraparque.tur.br\/#organization"},"potentialAction":[{"@type":"SearchAction","target":{"@type":"EntryPoint","urlTemplate":"https:\/\/terraparque.tur.br\/?s={search_term_string}"},"query-input":{"@type":"PropertyValueSpecification","valueRequired":true,"valueName":"search_term_string"}}],"inLanguage":"en-US"},{"@type":"Organization","@id":"https:\/\/terraparque.tur.br\/#organization","name":"Terra Parque Eco Resort","url":"https:\/\/terraparque.tur.br\/","logo":{"@type":"ImageObject","inLanguage":"en-US","@id":"https:\/\/terraparque.tur.br\/#\/schema\/logo\/image\/","url":"https:\/\/terraparque.tur.br\/wp-content\/uploads\/2023\/03\/terra-favicon.png","contentUrl":"https:\/\/terraparque.tur.br\/wp-content\/uploads\/2023\/03\/terra-favicon.png","width":512,"height":512,"caption":"Terra Parque Eco Resort"},"image":{"@id":"https:\/\/terraparque.tur.br\/#\/schema\/logo\/image\/"},"sameAs":["https:\/\/www.facebook.com\/terraparque","https:\/\/www.instagram.com\/terraparque\/","https:\/\/www.youtube.com\/terraparqueecoresort","https:\/\/www.tiktok.com\/@terraparque","https:\/\/www.tripadvisor.com.br\/Hotel_Review-g2350053-d2623441-Reviews-Terra_Parque_Eco_Resort-Pirapozinho_State_of_Sao_Paulo.html"]},{"@type":"Person","@id":"https:\/\/terraparque.tur.br\/#\/schema\/person\/38ce66ca596c956c0de67f32520202bd","name":"Marketing Terra Parque","image":{"@type":"ImageObject","inLanguage":"en-US","@id":"https:\/\/terraparque.tur.br\/#\/schema\/person\/image\/","url":"https:\/\/secure.gravatar.com\/avatar\/0e89690409625a63af9c4b8e458f72c58e73d77403a541428971be632ff4282b?s=96&d=mm&r=g","contentUrl":"https:\/\/secure.gravatar.com\/avatar\/0e89690409625a63af9c4b8e458f72c58e73d77403a541428971be632ff4282b?s=96&d=mm&r=g","caption":"Marketing Terra Parque"}}]}},"_links":{"self":[{"href":"https:\/\/terraparque.tur.br\/en\/wp-json\/wp\/v2\/posts\/2472","targetHints":{"allow":["GET"]}}],"collection":[{"href":"https:\/\/terraparque.tur.br\/en\/wp-json\/wp\/v2\/posts"}],"about":[{"href":"https:\/\/terraparque.tur.br\/en\/wp-json\/wp\/v2\/types\/post"}],"author":[{"embeddable":true,"href":"https:\/\/terraparque.tur.br\/en\/wp-json\/wp\/v2\/users\/6"}],"replies":[{"embeddable":true,"href":"https:\/\/terraparque.tur.br\/en\/wp-json\/wp\/v2\/comments?post=2472"}],"version-history":[{"count":0,"href":"https:\/\/terraparque.tur.br\/en\/wp-json\/wp\/v2\/posts\/2472\/revisions"}],"wp:featuredmedia":[{"embeddable":true,"href":"https:\/\/terraparque.tur.br\/en\/wp-json\/wp\/v2\/media\/2473"}],"wp:attachment":[{"href":"https:\/\/terraparque.tur.br\/en\/wp-json\/wp\/v2\/media?parent=2472"}],"wp:term":[{"taxonomy":"category","embeddable":true,"href":"https:\/\/terraparque.tur.br\/en\/wp-json\/wp\/v2\/categories?post=2472"}],"curies":[{"name":"wp","href":"https:\/\/api.w.org\/{rel}","templated":true}]}}