{"id":1711,"date":"2023-04-18T15:02:25","date_gmt":"2023-04-18T18:02:25","guid":{"rendered":"https:\/\/terraparque.tur.br\/?p=1711"},"modified":"2023-04-18T15:18:55","modified_gmt":"2023-04-18T18:18:55","slug":"viajar-no-feriado-de-tiradentes-relaxando-em-um-resort","status":"publish","type":"post","link":"https:\/\/terraparque.tur.br\/en\/datas-especiais\/viajar-no-feriado-de-tiradentes-relaxando-em-um-resort\/","title":{"rendered":"Traveling on the Tiradentes holiday while relaxing at a resort."},"content":{"rendered":"<h3>Tiradentes Holiday<\/h3>\n<p>On April 21st, Tiradentes Day is celebrated, which alludes to the hero of the Minas Gerais conspiracy, and is a holiday that provides an opportunity for many families to travel and enjoy a well-deserved rest at a resort, especially this year in 2023, as the holiday falls on a Friday.<\/p>\n<h3>How will the holiday be at Terra Parque?<\/h3>\n<p>For the Tiradentes holiday, Terra Parque Eco Resort has prepared a series of attractions with various recreational activities for the whole family, starting early in the morning and going until night.<\/p>\n<p>The activities are from 4-year-old children to adults, allowing parents to relax while their children have fun in a safe environment.<\/p>\n<p>The resort features a huge water complex, perfect for diving during the holiday, with over 10 pools and several water slides, indoor and heated pools, sauna, hot tub, children's pool, volcano with volcanic pool, beautiful waterfalls, and water slides.<\/p>\n<p>At nightfall, the Terra Parque Volcano erupts and puts on a show of audiovisual effects, with real smoke and fire, lots of sounds and lights that are certainly breathtaking!<\/p>\n<p>In the gastronomic area, the resort offers breakfast, lunch and dinner with different thematic meals every day. To make the holiday even more special, the thematic meals will feature Arab dinner, Agreste delicacies lunch, French dinner, Brazilian lunch, Italian night and country-style lunch, all with complimentary unlimited soft drinks, juice and beer during meals, as well as a dessert station with various types of sweets, in short, a true feast.<\/p>\n<p>As well as the themed meals, the program will also have a beautiful Dinner Show, with live music by the Perfei\u00e7\u00e3o Band, a Legi\u00e3o Urbana cover band, which is pure nostalgia paired with the most exquisite gastronomy that Terra Restaurante can offer, undoubtedly a complete gastronomic experience.<\/p>\n\n<div class=\"relative\">\n  <div class=\"swiper-button-prev navigation101\"><\/div>\n  <div class=\"swiper swiperImagens swiper101\">\n    <div class=\"swiper-wrapper swiper-wrapper-imagens\">\n              <div class=\"swiper-slide placeholder-bg\">\n          <a href=\"https:\/\/terraparque.tur.br\/wp-content\/uploads\/2023\/03\/imagem-banda-perfeicao-terra-parque-3.jpg\" class=\"glightbox d-flex justify-content-center align-items-center\" data-gallery=\"101\">\n\n            <img decoding=\"async\" class=\"swiper-lazy swiper-img\" loading=\"lazy\" src=\"https:\/\/terraparque.tur.br\/wp-content\/uploads\/2023\/03\/imagem-banda-perfeicao-terra-parque-3.jpg\" alt=\"\">\n          <\/a>\n          <div class=\"swiper-lazy-preloader\" part=\"preloader\"><\/div>\n                      <div class=\"bg-branco-blur\">\n              <p class=\"text-preto font24 fw500\">\n                Banda Perfei\u00e7\u00e3o              <\/p>\n            <\/div>\n                  <\/div>\n              <div class=\"swiper-slide placeholder-bg\">\n          <a href=\"https:\/\/terraparque.tur.br\/wp-content\/uploads\/2023\/03\/imagem-banda-perfeicao-terra-parque.jpeg\" class=\"glightbox d-flex justify-content-center align-items-center\" data-gallery=\"101\">\n\n            <img decoding=\"async\" class=\"swiper-lazy swiper-img\" loading=\"lazy\" src=\"https:\/\/terraparque.tur.br\/wp-content\/uploads\/2023\/03\/imagem-banda-perfeicao-terra-parque.jpeg\" alt=\"\">\n          <\/a>\n          <div class=\"swiper-lazy-preloader\" part=\"preloader\"><\/div>\n                  <\/div>\n              <div class=\"swiper-slide placeholder-bg\">\n          <a href=\"https:\/\/terraparque.tur.br\/wp-content\/uploads\/2023\/03\/imagem-banda-perfeicao.jpg\" class=\"glightbox d-flex justify-content-center align-items-center\" data-gallery=\"101\">\n\n            <img decoding=\"async\" class=\"swiper-lazy swiper-img\" loading=\"lazy\" src=\"https:\/\/terraparque.tur.br\/wp-content\/uploads\/2023\/03\/imagem-banda-perfeicao.jpg\" alt=\"\">\n          <\/a>\n          <div class=\"swiper-lazy-preloader\" part=\"preloader\"><\/div>\n                  <\/div>\n          <\/div>\n    <div class=\"pagination-wrapper\">\n      <div class=\"swiper-pagination pagination101\"><\/div>\n    <\/div>\n  <\/div>\n  <div class=\"swiper-button-next navigation101\"><\/div>\n<\/div>\n\n\n<!-- Script para retirar o preloader do Swiper quando a imagem for carregada -->\n\n<script>\n  jQuery(document).ready(function() {\n    jQuery('.swiper-img').each(function() {\n        if (this.complete) {\n            jQuery(this).trigger('load');\n        }\n    }).on('load', function() {\n        \n      jQuery(this).parent().next('.swiper-lazy-preloader').hide()\n        \n    });\n  });\n<\/script>\n<p>Terra Parque Eco Resort is located in the interior of S\u00e3o Paulo state, close to Presidente Prudente. To learn more about it and make a reservation, simply click <a href=\"https:\/\/terraparque.tur.br\/en\/pacote\/feriado-tiradentes\/\">here <\/a>or mensage us on <a href=\"https:\/\/api.whatsapp.com\/send\/?phone=551897301085&amp;text&amp;type=phone_number&amp;app_absent=0\">Whatsapp<\/a>.<\/p>","protected":false},"excerpt":{"rendered":"<p>Tiradentes Holiday On April 21st, Tiradentes Day is celebrated, which alludes to<\/p>","protected":false},"author":6,"featured_media":1587,"comment_status":"open","ping_status":"closed","sticky":false,"template":"","format":"standard","meta":{"footnotes":""},"categories":[126,135],"class_list":["post-1711","post","type-post","status-publish","format-standard","has-post-thumbnail","hentry","category-datas-especiais","category-noticias"],"yoast_head":"<!-- This site is optimized with the Yoast SEO plugin v25.7 - https:\/\/yoast.com\/wordpress\/plugins\/seo\/ -->\n<title>Tiradentes \u00e9 o melhor feriado para viajar | Terra Parque<\/title>\n<meta name=\"description\" content=\"T\u00e1 procurando um lugar para curtir o feriado de Tiradentes com a fam\u00edlia? Ent\u00e3o, olha essa dica: que tal passar uns dias num resort incr\u00edvel?\" \/>\n<meta name=\"robots\" content=\"index, follow, max-snippet:-1, max-image-preview:large, max-video-preview:-1\" \/>\n<link rel=\"canonical\" href=\"https:\/\/terraparque.tur.br\/en\/datas-especiais\/viajar-no-feriado-de-tiradentes-relaxando-em-um-resort\/\" \/>\n<meta property=\"og:locale\" content=\"en_US\" \/>\n<meta property=\"og:type\" content=\"article\" \/>\n<meta property=\"og:title\" content=\"Tiradentes \u00e9 o melhor feriado para viajar | Terra Parque\" \/>\n<meta property=\"og:description\" content=\"T\u00e1 procurando um lugar para curtir o feriado de Tiradentes com a fam\u00edlia? Ent\u00e3o, olha essa dica: que tal passar uns dias num resort incr\u00edvel?\" \/>\n<meta property=\"og:url\" content=\"https:\/\/terraparque.tur.br\/en\/datas-especiais\/viajar-no-feriado-de-tiradentes-relaxando-em-um-resort\/\" \/>\n<meta property=\"og:site_name\" content=\"Terra Parque\" \/>\n<meta property=\"article:publisher\" content=\"https:\/\/www.facebook.com\/terraparque\" \/>\n<meta property=\"article:published_time\" content=\"2023-04-18T18:02:25+00:00\" \/>\n<meta property=\"article:modified_time\" content=\"2023-04-18T18:18:55+00:00\" \/>\n<meta property=\"og:image\" content=\"https:\/\/terraparque.tur.br\/wp-content\/uploads\/2023\/03\/IMG_2339.jpg\" \/>\n\t<meta property=\"og:image:width\" content=\"1600\" \/>\n\t<meta property=\"og:image:height\" content=\"900\" \/>\n\t<meta property=\"og:image:type\" content=\"image\/jpeg\" \/>\n<meta name=\"author\" content=\"Marketing Terra Parque\" \/>\n<meta name=\"twitter:card\" content=\"summary_large_image\" \/>\n<meta name=\"twitter:label1\" content=\"Written by\" \/>\n\t<meta name=\"twitter:data1\" content=\"Marketing Terra Parque\" \/>\n\t<meta name=\"twitter:label2\" content=\"Est. reading time\" \/>\n\t<meta name=\"twitter:data2\" content=\"2 minutes\" \/>\n<script type=\"application\/ld+json\" class=\"yoast-schema-graph\">{\"@context\":\"https:\/\/schema.org\",\"@graph\":[{\"@type\":\"Article\",\"@id\":\"https:\/\/terraparque.tur.br\/datas-especiais\/viajar-no-feriado-de-tiradentes-relaxando-em-um-resort\/#article\",\"isPartOf\":{\"@id\":\"https:\/\/terraparque.tur.br\/datas-especiais\/viajar-no-feriado-de-tiradentes-relaxando-em-um-resort\/\"},\"author\":{\"name\":\"Marketing Terra Parque\",\"@id\":\"https:\/\/terraparque.tur.br\/#\/schema\/person\/38ce66ca596c956c0de67f32520202bd\"},\"headline\":\"Viajar no feriado de Tiradentes relaxando em um resort\",\"datePublished\":\"2023-04-18T18:02:25+00:00\",\"dateModified\":\"2023-04-18T18:18:55+00:00\",\"mainEntityOfPage\":{\"@id\":\"https:\/\/terraparque.tur.br\/datas-especiais\/viajar-no-feriado-de-tiradentes-relaxando-em-um-resort\/\"},\"wordCount\":406,\"commentCount\":0,\"publisher\":{\"@id\":\"https:\/\/terraparque.tur.br\/#organization\"},\"image\":{\"@id\":\"https:\/\/terraparque.tur.br\/datas-especiais\/viajar-no-feriado-de-tiradentes-relaxando-em-um-resort\/#primaryimage\"},\"thumbnailUrl\":\"https:\/\/terraparque.tur.br\/wp-content\/uploads\/2023\/03\/imagem-banda-perfeicao-terra-parque-3.jpg\",\"articleSection\":[\"Datas Especiais\",\"Noticias\"],\"inLanguage\":\"en-US\",\"potentialAction\":[{\"@type\":\"CommentAction\",\"name\":\"Comment\",\"target\":[\"https:\/\/terraparque.tur.br\/datas-especiais\/viajar-no-feriado-de-tiradentes-relaxando-em-um-resort\/#respond\"]}]},{\"@type\":\"WebPage\",\"@id\":\"https:\/\/terraparque.tur.br\/datas-especiais\/viajar-no-feriado-de-tiradentes-relaxando-em-um-resort\/\",\"url\":\"https:\/\/terraparque.tur.br\/datas-especiais\/viajar-no-feriado-de-tiradentes-relaxando-em-um-resort\/\",\"name\":\"Tiradentes \u00e9 o melhor feriado para viajar | Terra Parque\",\"isPartOf\":{\"@id\":\"https:\/\/terraparque.tur.br\/#website\"},\"primaryImageOfPage\":{\"@id\":\"https:\/\/terraparque.tur.br\/datas-especiais\/viajar-no-feriado-de-tiradentes-relaxando-em-um-resort\/#primaryimage\"},\"image\":{\"@id\":\"https:\/\/terraparque.tur.br\/datas-especiais\/viajar-no-feriado-de-tiradentes-relaxando-em-um-resort\/#primaryimage\"},\"thumbnailUrl\":\"https:\/\/terraparque.tur.br\/wp-content\/uploads\/2023\/03\/imagem-banda-perfeicao-terra-parque-3.jpg\",\"datePublished\":\"2023-04-18T18:02:25+00:00\",\"dateModified\":\"2023-04-18T18:18:55+00:00\",\"description\":\"T\u00e1 procurando um lugar para curtir o feriado de Tiradentes com a fam\u00edlia? Ent\u00e3o, olha essa dica: que tal passar uns dias num resort incr\u00edvel?\",\"breadcrumb\":{\"@id\":\"https:\/\/terraparque.tur.br\/datas-especiais\/viajar-no-feriado-de-tiradentes-relaxando-em-um-resort\/#breadcrumb\"},\"inLanguage\":\"en-US\",\"potentialAction\":[{\"@type\":\"ReadAction\",\"target\":[\"https:\/\/terraparque.tur.br\/datas-especiais\/viajar-no-feriado-de-tiradentes-relaxando-em-um-resort\/\"]}]},{\"@type\":\"ImageObject\",\"inLanguage\":\"en-US\",\"@id\":\"https:\/\/terraparque.tur.br\/datas-especiais\/viajar-no-feriado-de-tiradentes-relaxando-em-um-resort\/#primaryimage\",\"url\":\"https:\/\/terraparque.tur.br\/wp-content\/uploads\/2023\/03\/imagem-banda-perfeicao-terra-parque-3.jpg\",\"contentUrl\":\"https:\/\/terraparque.tur.br\/wp-content\/uploads\/2023\/03\/imagem-banda-perfeicao-terra-parque-3.jpg\",\"width\":1600,\"height\":900,\"caption\":\"Imagem Banda Perfeicao Terra Parque 3\"},{\"@type\":\"BreadcrumbList\",\"@id\":\"https:\/\/terraparque.tur.br\/datas-especiais\/viajar-no-feriado-de-tiradentes-relaxando-em-um-resort\/#breadcrumb\",\"itemListElement\":[{\"@type\":\"ListItem\",\"position\":1,\"name\":\"Home\",\"item\":\"https:\/\/terraparque.tur.br\/\"},{\"@type\":\"ListItem\",\"position\":2,\"name\":\"Viajar no feriado de Tiradentes relaxando em um resort\"}]},{\"@type\":\"WebSite\",\"@id\":\"https:\/\/terraparque.tur.br\/#website\",\"url\":\"https:\/\/terraparque.tur.br\/\",\"name\":\"Terra Parque Eco Resort\",\"description\":\"\",\"publisher\":{\"@id\":\"https:\/\/terraparque.tur.br\/#organization\"},\"potentialAction\":[{\"@type\":\"SearchAction\",\"target\":{\"@type\":\"EntryPoint\",\"urlTemplate\":\"https:\/\/terraparque.tur.br\/?s={search_term_string}\"},\"query-input\":{\"@type\":\"PropertyValueSpecification\",\"valueRequired\":true,\"valueName\":\"search_term_string\"}}],\"inLanguage\":\"en-US\"},{\"@type\":\"Organization\",\"@id\":\"https:\/\/terraparque.tur.br\/#organization\",\"name\":\"Terra Parque Eco Resort\",\"url\":\"https:\/\/terraparque.tur.br\/\",\"logo\":{\"@type\":\"ImageObject\",\"inLanguage\":\"en-US\",\"@id\":\"https:\/\/terraparque.tur.br\/#\/schema\/logo\/image\/\",\"url\":\"https:\/\/terraparque.tur.br\/wp-content\/uploads\/2023\/03\/terra-favicon.png\",\"contentUrl\":\"https:\/\/terraparque.tur.br\/wp-content\/uploads\/2023\/03\/terra-favicon.png\",\"width\":512,\"height\":512,\"caption\":\"Terra Parque Eco Resort\"},\"image\":{\"@id\":\"https:\/\/terraparque.tur.br\/#\/schema\/logo\/image\/\"},\"sameAs\":[\"https:\/\/www.facebook.com\/terraparque\",\"https:\/\/www.instagram.com\/terraparque\/\",\"https:\/\/www.youtube.com\/terraparqueecoresort\",\"https:\/\/www.tiktok.com\/@terraparque\",\"https:\/\/www.tripadvisor.com.br\/Hotel_Review-g2350053-d2623441-Reviews-Terra_Parque_Eco_Resort-Pirapozinho_State_of_Sao_Paulo.html\"]},{\"@type\":\"Person\",\"@id\":\"https:\/\/terraparque.tur.br\/#\/schema\/person\/38ce66ca596c956c0de67f32520202bd\",\"name\":\"Marketing Terra Parque\",\"image\":{\"@type\":\"ImageObject\",\"inLanguage\":\"en-US\",\"@id\":\"https:\/\/terraparque.tur.br\/#\/schema\/person\/image\/\",\"url\":\"https:\/\/secure.gravatar.com\/avatar\/0e89690409625a63af9c4b8e458f72c58e73d77403a541428971be632ff4282b?s=96&d=mm&r=g\",\"contentUrl\":\"https:\/\/secure.gravatar.com\/avatar\/0e89690409625a63af9c4b8e458f72c58e73d77403a541428971be632ff4282b?s=96&d=mm&r=g\",\"caption\":\"Marketing Terra Parque\"}}]}<\/script>\n<!-- \/ Yoast SEO plugin. -->","yoast_head_json":{"title":"Tiradentes \u00e9 o melhor feriado para viajar | Terra Parque","description":"T\u00e1 procurando um lugar para curtir o feriado de Tiradentes com a fam\u00edlia? Ent\u00e3o, olha essa dica: que tal passar uns dias num resort incr\u00edvel?","robots":{"index":"index","follow":"follow","max-snippet":"max-snippet:-1","max-image-preview":"max-image-preview:large","max-video-preview":"max-video-preview:-1"},"canonical":"https:\/\/terraparque.tur.br\/en\/datas-especiais\/viajar-no-feriado-de-tiradentes-relaxando-em-um-resort\/","og_locale":"en_US","og_type":"article","og_title":"Tiradentes \u00e9 o melhor feriado para viajar | Terra Parque","og_description":"T\u00e1 procurando um lugar para curtir o feriado de Tiradentes com a fam\u00edlia? Ent\u00e3o, olha essa dica: que tal passar uns dias num resort incr\u00edvel?","og_url":"https:\/\/terraparque.tur.br\/en\/datas-especiais\/viajar-no-feriado-de-tiradentes-relaxando-em-um-resort\/","og_site_name":"Terra Parque","article_publisher":"https:\/\/www.facebook.com\/terraparque","article_published_time":"2023-04-18T18:02:25+00:00","article_modified_time":"2023-04-18T18:18:55+00:00","og_image":[{"width":1600,"height":900,"url":"https:\/\/terraparque.tur.br\/wp-content\/uploads\/2023\/03\/IMG_2339.jpg","type":"image\/jpeg"}],"author":"Marketing Terra Parque","twitter_card":"summary_large_image","twitter_misc":{"Written by":"Marketing Terra Parque","Est. reading time":"2 minutes"},"schema":{"@context":"https:\/\/schema.org","@graph":[{"@type":"Article","@id":"https:\/\/terraparque.tur.br\/datas-especiais\/viajar-no-feriado-de-tiradentes-relaxando-em-um-resort\/#article","isPartOf":{"@id":"https:\/\/terraparque.tur.br\/datas-especiais\/viajar-no-feriado-de-tiradentes-relaxando-em-um-resort\/"},"author":{"name":"Marketing Terra Parque","@id":"https:\/\/terraparque.tur.br\/#\/schema\/person\/38ce66ca596c956c0de67f32520202bd"},"headline":"Viajar no feriado de Tiradentes relaxando em um resort","datePublished":"2023-04-18T18:02:25+00:00","dateModified":"2023-04-18T18:18:55+00:00","mainEntityOfPage":{"@id":"https:\/\/terraparque.tur.br\/datas-especiais\/viajar-no-feriado-de-tiradentes-relaxando-em-um-resort\/"},"wordCount":406,"commentCount":0,"publisher":{"@id":"https:\/\/terraparque.tur.br\/#organization"},"image":{"@id":"https:\/\/terraparque.tur.br\/datas-especiais\/viajar-no-feriado-de-tiradentes-relaxando-em-um-resort\/#primaryimage"},"thumbnailUrl":"https:\/\/terraparque.tur.br\/wp-content\/uploads\/2023\/03\/imagem-banda-perfeicao-terra-parque-3.jpg","articleSection":["Datas Especiais","Noticias"],"inLanguage":"en-US","potentialAction":[{"@type":"CommentAction","name":"Comment","target":["https:\/\/terraparque.tur.br\/datas-especiais\/viajar-no-feriado-de-tiradentes-relaxando-em-um-resort\/#respond"]}]},{"@type":"WebPage","@id":"https:\/\/terraparque.tur.br\/datas-especiais\/viajar-no-feriado-de-tiradentes-relaxando-em-um-resort\/","url":"https:\/\/terraparque.tur.br\/datas-especiais\/viajar-no-feriado-de-tiradentes-relaxando-em-um-resort\/","name":"Tiradentes \u00e9 o melhor feriado para viajar | Terra Parque","isPartOf":{"@id":"https:\/\/terraparque.tur.br\/#website"},"primaryImageOfPage":{"@id":"https:\/\/terraparque.tur.br\/datas-especiais\/viajar-no-feriado-de-tiradentes-relaxando-em-um-resort\/#primaryimage"},"image":{"@id":"https:\/\/terraparque.tur.br\/datas-especiais\/viajar-no-feriado-de-tiradentes-relaxando-em-um-resort\/#primaryimage"},"thumbnailUrl":"https:\/\/terraparque.tur.br\/wp-content\/uploads\/2023\/03\/imagem-banda-perfeicao-terra-parque-3.jpg","datePublished":"2023-04-18T18:02:25+00:00","dateModified":"2023-04-18T18:18:55+00:00","description":"T\u00e1 procurando um lugar para curtir o feriado de Tiradentes com a fam\u00edlia? Ent\u00e3o, olha essa dica: que tal passar uns dias num resort incr\u00edvel?","breadcrumb":{"@id":"https:\/\/terraparque.tur.br\/datas-especiais\/viajar-no-feriado-de-tiradentes-relaxando-em-um-resort\/#breadcrumb"},"inLanguage":"en-US","potentialAction":[{"@type":"ReadAction","target":["https:\/\/terraparque.tur.br\/datas-especiais\/viajar-no-feriado-de-tiradentes-relaxando-em-um-resort\/"]}]},{"@type":"ImageObject","inLanguage":"en-US","@id":"https:\/\/terraparque.tur.br\/datas-especiais\/viajar-no-feriado-de-tiradentes-relaxando-em-um-resort\/#primaryimage","url":"https:\/\/terraparque.tur.br\/wp-content\/uploads\/2023\/03\/imagem-banda-perfeicao-terra-parque-3.jpg","contentUrl":"https:\/\/terraparque.tur.br\/wp-content\/uploads\/2023\/03\/imagem-banda-perfeicao-terra-parque-3.jpg","width":1600,"height":900,"caption":"Imagem Banda Perfeicao Terra Parque 3"},{"@type":"BreadcrumbList","@id":"https:\/\/terraparque.tur.br\/datas-especiais\/viajar-no-feriado-de-tiradentes-relaxando-em-um-resort\/#breadcrumb","itemListElement":[{"@type":"ListItem","position":1,"name":"Home","item":"https:\/\/terraparque.tur.br\/"},{"@type":"ListItem","position":2,"name":"Viajar no feriado de Tiradentes relaxando em um resort"}]},{"@type":"WebSite","@id":"https:\/\/terraparque.tur.br\/#website","url":"https:\/\/terraparque.tur.br\/","name":"Terra Parque Eco Resort","description":"","publisher":{"@id":"https:\/\/terraparque.tur.br\/#organization"},"potentialAction":[{"@type":"SearchAction","target":{"@type":"EntryPoint","urlTemplate":"https:\/\/terraparque.tur.br\/?s={search_term_string}"},"query-input":{"@type":"PropertyValueSpecification","valueRequired":true,"valueName":"search_term_string"}}],"inLanguage":"en-US"},{"@type":"Organization","@id":"https:\/\/terraparque.tur.br\/#organization","name":"Terra Parque Eco Resort","url":"https:\/\/terraparque.tur.br\/","logo":{"@type":"ImageObject","inLanguage":"en-US","@id":"https:\/\/terraparque.tur.br\/#\/schema\/logo\/image\/","url":"https:\/\/terraparque.tur.br\/wp-content\/uploads\/2023\/03\/terra-favicon.png","contentUrl":"https:\/\/terraparque.tur.br\/wp-content\/uploads\/2023\/03\/terra-favicon.png","width":512,"height":512,"caption":"Terra Parque Eco Resort"},"image":{"@id":"https:\/\/terraparque.tur.br\/#\/schema\/logo\/image\/"},"sameAs":["https:\/\/www.facebook.com\/terraparque","https:\/\/www.instagram.com\/terraparque\/","https:\/\/www.youtube.com\/terraparqueecoresort","https:\/\/www.tiktok.com\/@terraparque","https:\/\/www.tripadvisor.com.br\/Hotel_Review-g2350053-d2623441-Reviews-Terra_Parque_Eco_Resort-Pirapozinho_State_of_Sao_Paulo.html"]},{"@type":"Person","@id":"https:\/\/terraparque.tur.br\/#\/schema\/person\/38ce66ca596c956c0de67f32520202bd","name":"Marketing Terra Parque","image":{"@type":"ImageObject","inLanguage":"en-US","@id":"https:\/\/terraparque.tur.br\/#\/schema\/person\/image\/","url":"https:\/\/secure.gravatar.com\/avatar\/0e89690409625a63af9c4b8e458f72c58e73d77403a541428971be632ff4282b?s=96&d=mm&r=g","contentUrl":"https:\/\/secure.gravatar.com\/avatar\/0e89690409625a63af9c4b8e458f72c58e73d77403a541428971be632ff4282b?s=96&d=mm&r=g","caption":"Marketing Terra Parque"}}]}},"_links":{"self":[{"href":"https:\/\/terraparque.tur.br\/en\/wp-json\/wp\/v2\/posts\/1711","targetHints":{"allow":["GET"]}}],"collection":[{"href":"https:\/\/terraparque.tur.br\/en\/wp-json\/wp\/v2\/posts"}],"about":[{"href":"https:\/\/terraparque.tur.br\/en\/wp-json\/wp\/v2\/types\/post"}],"author":[{"embeddable":true,"href":"https:\/\/terraparque.tur.br\/en\/wp-json\/wp\/v2\/users\/6"}],"replies":[{"embeddable":true,"href":"https:\/\/terraparque.tur.br\/en\/wp-json\/wp\/v2\/comments?post=1711"}],"version-history":[{"count":0,"href":"https:\/\/terraparque.tur.br\/en\/wp-json\/wp\/v2\/posts\/1711\/revisions"}],"wp:featuredmedia":[{"embeddable":true,"href":"https:\/\/terraparque.tur.br\/en\/wp-json\/wp\/v2\/media\/1587"}],"wp:attachment":[{"href":"https:\/\/terraparque.tur.br\/en\/wp-json\/wp\/v2\/media?parent=1711"}],"wp:term":[{"taxonomy":"category","embeddable":true,"href":"https:\/\/terraparque.tur.br\/en\/wp-json\/wp\/v2\/categories?post=1711"}],"curies":[{"name":"wp","href":"https:\/\/api.w.org\/{rel}","templated":true}]}}