{"id":1334,"date":"2023-01-17T18:47:51","date_gmt":"2023-01-17T21:47:51","guid":{"rendered":"https:\/\/terraparque.tur.br\/?p=1334"},"modified":"2023-05-15T10:38:49","modified_gmt":"2023-05-15T13:38:49","slug":"carnaval-aproveite-o-feriado-para-descansar","status":"publish","type":"post","link":"https:\/\/terraparque.tur.br\/en\/noticias\/carnaval-aproveite-o-feriado-para-descansar\/","title":{"rendered":"N\u00e3o curte o carnaval e quer aproveitar o feriado para descansar?"},"content":{"rendered":"<p>O Carnaval \u00e9 uma das \u00e9pocas mais esperadas do ano para os brasileiros, seja por ser o primeiro feriado do ano, tanto pela folia e beleza dos desfiles, quanto pela alegria e m\u00fasicas dessa \u00e9poca.<\/p>\n<p>Em diversos lugares do Brasil \u00e9 poss\u00edvel aproveitar as m\u00fasicas e som alto at\u00e9 o amanhecer, mas que se torna invi\u00e1vel para quem s\u00f3 quer fugir da grande quantidade de pessoas e descansar um pouco. E \u00e9 a\u00ed que fica a d\u00favida, como fazer para descansar em meio \u00e0 toda a programa\u00e7\u00e3o de carnaval?<\/p>\n<p><img decoding=\"async\" class=\"size-full wp-image-1335 alignleft img-fluid\" src=\"https:\/\/terraparque.tur.br\/wp-content\/uploads\/2023\/03\/nao-curte-o-carnaval-e-quer-aproveitar-o-feriado-para-descansar-2.jpg\" alt=\"\" width=\"300\" height=\"200\" \/><\/p>\n<p>O Grupo Terra Parque apresenta um espa\u00e7o com casas estilo veraneio, com exclusividade e privacidade para grupos de at\u00e9 30 pessoas, o <a href=\"https:\/\/www.instagram.com\/terracasanautica\/\">Terra Casa N\u00e1utica<\/a>.<\/p>\n<p>Ele fica \u00e0s margens do Rio Paran\u00e1, com localiza\u00e7\u00e3o privilegiada, acesso direto ao rio, para passeios de lancha, barcos, jet-skis, com vista para o p\u00f4r do sol mais bonito do Brasil. O local \u00e9 perfeito para descanso em fam\u00edlia e amigos e conta com as mais lindas acomoda\u00e7\u00f5es, s\u00e3o 2 casas e 2 chal\u00e9s, com muito conforto e qualidade, ar condicionado banheiro com aquecimento, banheira de hidromassagem, TV, e muito mais.<\/p>\n<p>Pra garantir a divers\u00e3o com a turma toda, o local conta com \u00e1rea de churrasqueira, com piscina, mais de 8 mil metros quadrados em meio \u00e0 natureza, que possui espa\u00e7o para jogos como futebol v\u00f4lei, badminton, al\u00e9m de uma \u00e1rea exclusiva para jogos de mesa, com t\u00eanis de mesa, mesa de sinuca e diversos jogos de tabuleiro.<\/p>\n<p><img decoding=\"async\" class=\"size-full wp-image-1336 alignright img-fluid\" src=\"https:\/\/terraparque.tur.br\/wp-content\/uploads\/2023\/03\/nao-curte-o-carnaval-e-quer-aproveitar-o-feriado-para-descansar.jpg\" alt=\"\" width=\"300\" height=\"200\" \/><\/p>\n<p>A Est\u00e2ncia Tur\u00edstica de Presidente Epit\u00e1cio \u00e9 conhecida por ter o p\u00f4r do sol mais bonito do Brasil, eleito pelo programa Fant\u00e1stico da Rede Globo com mais de 4 milh\u00f5es de votos, ele se p\u00f5e atr\u00e1s da ponte, dando uma vista maravilhosa para aqueles que presenciam, al\u00e9m de possuir diversas belezas naturais, como a Orla Fluvial, \u00e0s margens do Rio Paran\u00e1, com diversos pontos tur\u00edsticos que a cidade pode oferecer.<\/p>\n<p>As reservas para o Terra Casa N\u00e1utica s\u00e3o feitas com a central de atendimento do Grupo Terra Parque, e para conhecer e se hospedar, basta acessar o site <a href=\"https:\/\/terraparque.tur.br\/en\/\">here<\/a> or mensage us on <a href=\"https:\/\/api.whatsapp.com\/send\/?phone=5518997301085&amp;text&amp;type=phone_number&amp;app_absent=0\">Whatsapp (18) 981480079<\/a>.<\/p>","protected":false},"excerpt":{"rendered":"<p>O Carnaval \u00e9 uma das \u00e9pocas mais esperadas do ano para os brasileiros, seja por ser o primeiro&#8230;<\/p>","protected":false},"author":1,"featured_media":1337,"comment_status":"open","ping_status":"closed","sticky":false,"template":"","format":"standard","meta":{"footnotes":""},"categories":[126,135],"class_list":["post-1334","post","type-post","status-publish","format-standard","has-post-thumbnail","hentry","category-datas-especiais","category-noticias"],"yoast_head":"<!-- This site is optimized with the Yoast SEO plugin v25.7 - https:\/\/yoast.com\/wordpress\/plugins\/seo\/ -->\n<title>N\u00e3o curte o carnaval e quer aproveitar o feriado para descansar?<\/title>\n<meta name=\"description\" content=\"O carnaval \u00e9 uma das datas mais esperadas do ano pelos brasileiros, e nada melhor que passar o feriad\u00e3o curtindo com os amigos e fam\u00edlia n\u00e9?\" \/>\n<meta name=\"robots\" content=\"index, follow, max-snippet:-1, max-image-preview:large, max-video-preview:-1\" \/>\n<link rel=\"canonical\" href=\"https:\/\/terraparque.tur.br\/en\/noticias\/carnaval-aproveite-o-feriado-para-descansar\/\" \/>\n<meta property=\"og:locale\" content=\"en_US\" \/>\n<meta property=\"og:type\" content=\"article\" \/>\n<meta property=\"og:title\" content=\"N\u00e3o curte o carnaval e quer aproveitar o feriado para descansar?\" \/>\n<meta property=\"og:description\" content=\"O carnaval \u00e9 uma das datas mais esperadas do ano pelos brasileiros, e nada melhor que passar o feriad\u00e3o curtindo com os amigos e fam\u00edlia n\u00e9?\" \/>\n<meta property=\"og:url\" content=\"https:\/\/terraparque.tur.br\/en\/noticias\/carnaval-aproveite-o-feriado-para-descansar\/\" \/>\n<meta property=\"og:site_name\" content=\"Terra Parque\" \/>\n<meta property=\"article:publisher\" content=\"https:\/\/www.facebook.com\/terraparque\" \/>\n<meta property=\"article:published_time\" content=\"2023-01-17T21:47:51+00:00\" \/>\n<meta property=\"article:modified_time\" content=\"2023-05-15T13:38:49+00:00\" \/>\n<meta property=\"og:image\" content=\"https:\/\/terraparque.tur.br\/wp-content\/uploads\/2023\/03\/RAP5268.png\" \/>\n\t<meta property=\"og:image:width\" content=\"1365\" \/>\n\t<meta property=\"og:image:height\" content=\"560\" \/>\n\t<meta property=\"og:image:type\" content=\"image\/png\" \/>\n<meta name=\"author\" content=\"o2web\" \/>\n<meta name=\"twitter:card\" content=\"summary_large_image\" \/>\n<meta name=\"twitter:label1\" content=\"Written by\" \/>\n\t<meta name=\"twitter:data1\" content=\"o2web\" \/>\n\t<meta name=\"twitter:label2\" content=\"Est. reading time\" \/>\n\t<meta name=\"twitter:data2\" content=\"3 minutes\" \/>\n<script type=\"application\/ld+json\" class=\"yoast-schema-graph\">{\"@context\":\"https:\/\/schema.org\",\"@graph\":[{\"@type\":\"Article\",\"@id\":\"https:\/\/terraparque.tur.br\/noticias\/carnaval-aproveite-o-feriado-para-descansar\/#article\",\"isPartOf\":{\"@id\":\"https:\/\/terraparque.tur.br\/noticias\/carnaval-aproveite-o-feriado-para-descansar\/\"},\"author\":{\"name\":\"o2web\",\"@id\":\"https:\/\/terraparque.tur.br\/#\/schema\/person\/37d711f1d3fd3e3005760c817d1ef221\"},\"headline\":\"N\u00e3o curte o carnaval e quer aproveitar o feriado para descansar?\",\"datePublished\":\"2023-01-17T21:47:51+00:00\",\"dateModified\":\"2023-05-15T13:38:49+00:00\",\"mainEntityOfPage\":{\"@id\":\"https:\/\/terraparque.tur.br\/noticias\/carnaval-aproveite-o-feriado-para-descansar\/\"},\"wordCount\":376,\"commentCount\":0,\"publisher\":{\"@id\":\"https:\/\/terraparque.tur.br\/#organization\"},\"image\":{\"@id\":\"https:\/\/terraparque.tur.br\/noticias\/carnaval-aproveite-o-feriado-para-descansar\/#primaryimage\"},\"thumbnailUrl\":\"https:\/\/terraparque.tur.br\/wp-content\/uploads\/2023\/03\/nao-curte-o-carnaval-e-quer-aproveitar-o-feriado-para-descansar.png\",\"articleSection\":[\"Datas Especiais\",\"Noticias\"],\"inLanguage\":\"en-US\",\"potentialAction\":[{\"@type\":\"CommentAction\",\"name\":\"Comment\",\"target\":[\"https:\/\/terraparque.tur.br\/noticias\/carnaval-aproveite-o-feriado-para-descansar\/#respond\"]}]},{\"@type\":\"WebPage\",\"@id\":\"https:\/\/terraparque.tur.br\/noticias\/carnaval-aproveite-o-feriado-para-descansar\/\",\"url\":\"https:\/\/terraparque.tur.br\/noticias\/carnaval-aproveite-o-feriado-para-descansar\/\",\"name\":\"N\u00e3o curte o carnaval e quer aproveitar o feriado para descansar?\",\"isPartOf\":{\"@id\":\"https:\/\/terraparque.tur.br\/#website\"},\"primaryImageOfPage\":{\"@id\":\"https:\/\/terraparque.tur.br\/noticias\/carnaval-aproveite-o-feriado-para-descansar\/#primaryimage\"},\"image\":{\"@id\":\"https:\/\/terraparque.tur.br\/noticias\/carnaval-aproveite-o-feriado-para-descansar\/#primaryimage\"},\"thumbnailUrl\":\"https:\/\/terraparque.tur.br\/wp-content\/uploads\/2023\/03\/nao-curte-o-carnaval-e-quer-aproveitar-o-feriado-para-descansar.png\",\"datePublished\":\"2023-01-17T21:47:51+00:00\",\"dateModified\":\"2023-05-15T13:38:49+00:00\",\"description\":\"O carnaval \u00e9 uma das datas mais esperadas do ano pelos brasileiros, e nada melhor que passar o feriad\u00e3o curtindo com os amigos e fam\u00edlia n\u00e9?\",\"breadcrumb\":{\"@id\":\"https:\/\/terraparque.tur.br\/noticias\/carnaval-aproveite-o-feriado-para-descansar\/#breadcrumb\"},\"inLanguage\":\"en-US\",\"potentialAction\":[{\"@type\":\"ReadAction\",\"target\":[\"https:\/\/terraparque.tur.br\/noticias\/carnaval-aproveite-o-feriado-para-descansar\/\"]}]},{\"@type\":\"ImageObject\",\"inLanguage\":\"en-US\",\"@id\":\"https:\/\/terraparque.tur.br\/noticias\/carnaval-aproveite-o-feriado-para-descansar\/#primaryimage\",\"url\":\"https:\/\/terraparque.tur.br\/wp-content\/uploads\/2023\/03\/nao-curte-o-carnaval-e-quer-aproveitar-o-feriado-para-descansar.png\",\"contentUrl\":\"https:\/\/terraparque.tur.br\/wp-content\/uploads\/2023\/03\/nao-curte-o-carnaval-e-quer-aproveitar-o-feriado-para-descansar.png\",\"width\":1365,\"height\":560,\"caption\":\"Nao Curte O Carnaval E Quer Aproveitar O Feriado Para Descansar\"},{\"@type\":\"BreadcrumbList\",\"@id\":\"https:\/\/terraparque.tur.br\/noticias\/carnaval-aproveite-o-feriado-para-descansar\/#breadcrumb\",\"itemListElement\":[{\"@type\":\"ListItem\",\"position\":1,\"name\":\"Home\",\"item\":\"https:\/\/terraparque.tur.br\/\"},{\"@type\":\"ListItem\",\"position\":2,\"name\":\"N\u00e3o curte o carnaval e quer aproveitar o feriado para descansar?\"}]},{\"@type\":\"WebSite\",\"@id\":\"https:\/\/terraparque.tur.br\/#website\",\"url\":\"https:\/\/terraparque.tur.br\/\",\"name\":\"Terra Parque Eco Resort\",\"description\":\"\",\"publisher\":{\"@id\":\"https:\/\/terraparque.tur.br\/#organization\"},\"potentialAction\":[{\"@type\":\"SearchAction\",\"target\":{\"@type\":\"EntryPoint\",\"urlTemplate\":\"https:\/\/terraparque.tur.br\/?s={search_term_string}\"},\"query-input\":{\"@type\":\"PropertyValueSpecification\",\"valueRequired\":true,\"valueName\":\"search_term_string\"}}],\"inLanguage\":\"en-US\"},{\"@type\":\"Organization\",\"@id\":\"https:\/\/terraparque.tur.br\/#organization\",\"name\":\"Terra Parque Eco Resort\",\"url\":\"https:\/\/terraparque.tur.br\/\",\"logo\":{\"@type\":\"ImageObject\",\"inLanguage\":\"en-US\",\"@id\":\"https:\/\/terraparque.tur.br\/#\/schema\/logo\/image\/\",\"url\":\"https:\/\/terraparque.tur.br\/wp-content\/uploads\/2023\/03\/terra-favicon.png\",\"contentUrl\":\"https:\/\/terraparque.tur.br\/wp-content\/uploads\/2023\/03\/terra-favicon.png\",\"width\":512,\"height\":512,\"caption\":\"Terra Parque Eco Resort\"},\"image\":{\"@id\":\"https:\/\/terraparque.tur.br\/#\/schema\/logo\/image\/\"},\"sameAs\":[\"https:\/\/www.facebook.com\/terraparque\",\"https:\/\/www.instagram.com\/terraparque\/\",\"https:\/\/www.youtube.com\/terraparqueecoresort\",\"https:\/\/www.tiktok.com\/@terraparque\",\"https:\/\/www.tripadvisor.com.br\/Hotel_Review-g2350053-d2623441-Reviews-Terra_Parque_Eco_Resort-Pirapozinho_State_of_Sao_Paulo.html\"]},{\"@type\":\"Person\",\"@id\":\"https:\/\/terraparque.tur.br\/#\/schema\/person\/37d711f1d3fd3e3005760c817d1ef221\",\"name\":\"o2web\",\"image\":{\"@type\":\"ImageObject\",\"inLanguage\":\"en-US\",\"@id\":\"https:\/\/terraparque.tur.br\/#\/schema\/person\/image\/\",\"url\":\"https:\/\/secure.gravatar.com\/avatar\/a66afb55e931baa09ca25785026da15a46350ce89eda5efd168397572b4b2e75?s=96&d=mm&r=g\",\"contentUrl\":\"https:\/\/secure.gravatar.com\/avatar\/a66afb55e931baa09ca25785026da15a46350ce89eda5efd168397572b4b2e75?s=96&d=mm&r=g\",\"caption\":\"o2web\"},\"sameAs\":[\"https:\/\/terraparque.tur.br\"]}]}<\/script>\n<!-- \/ Yoast SEO plugin. -->","yoast_head_json":{"title":"N\u00e3o curte o carnaval e quer aproveitar o feriado para descansar?","description":"O carnaval \u00e9 uma das datas mais esperadas do ano pelos brasileiros, e nada melhor que passar o feriad\u00e3o curtindo com os amigos e fam\u00edlia n\u00e9?","robots":{"index":"index","follow":"follow","max-snippet":"max-snippet:-1","max-image-preview":"max-image-preview:large","max-video-preview":"max-video-preview:-1"},"canonical":"https:\/\/terraparque.tur.br\/en\/noticias\/carnaval-aproveite-o-feriado-para-descansar\/","og_locale":"en_US","og_type":"article","og_title":"N\u00e3o curte o carnaval e quer aproveitar o feriado para descansar?","og_description":"O carnaval \u00e9 uma das datas mais esperadas do ano pelos brasileiros, e nada melhor que passar o feriad\u00e3o curtindo com os amigos e fam\u00edlia n\u00e9?","og_url":"https:\/\/terraparque.tur.br\/en\/noticias\/carnaval-aproveite-o-feriado-para-descansar\/","og_site_name":"Terra Parque","article_publisher":"https:\/\/www.facebook.com\/terraparque","article_published_time":"2023-01-17T21:47:51+00:00","article_modified_time":"2023-05-15T13:38:49+00:00","og_image":[{"width":1365,"height":560,"url":"https:\/\/terraparque.tur.br\/wp-content\/uploads\/2023\/03\/RAP5268.png","type":"image\/png"}],"author":"o2web","twitter_card":"summary_large_image","twitter_misc":{"Written by":"o2web","Est. reading time":"3 minutes"},"schema":{"@context":"https:\/\/schema.org","@graph":[{"@type":"Article","@id":"https:\/\/terraparque.tur.br\/noticias\/carnaval-aproveite-o-feriado-para-descansar\/#article","isPartOf":{"@id":"https:\/\/terraparque.tur.br\/noticias\/carnaval-aproveite-o-feriado-para-descansar\/"},"author":{"name":"o2web","@id":"https:\/\/terraparque.tur.br\/#\/schema\/person\/37d711f1d3fd3e3005760c817d1ef221"},"headline":"N\u00e3o curte o carnaval e quer aproveitar o feriado para descansar?","datePublished":"2023-01-17T21:47:51+00:00","dateModified":"2023-05-15T13:38:49+00:00","mainEntityOfPage":{"@id":"https:\/\/terraparque.tur.br\/noticias\/carnaval-aproveite-o-feriado-para-descansar\/"},"wordCount":376,"commentCount":0,"publisher":{"@id":"https:\/\/terraparque.tur.br\/#organization"},"image":{"@id":"https:\/\/terraparque.tur.br\/noticias\/carnaval-aproveite-o-feriado-para-descansar\/#primaryimage"},"thumbnailUrl":"https:\/\/terraparque.tur.br\/wp-content\/uploads\/2023\/03\/nao-curte-o-carnaval-e-quer-aproveitar-o-feriado-para-descansar.png","articleSection":["Datas Especiais","Noticias"],"inLanguage":"en-US","potentialAction":[{"@type":"CommentAction","name":"Comment","target":["https:\/\/terraparque.tur.br\/noticias\/carnaval-aproveite-o-feriado-para-descansar\/#respond"]}]},{"@type":"WebPage","@id":"https:\/\/terraparque.tur.br\/noticias\/carnaval-aproveite-o-feriado-para-descansar\/","url":"https:\/\/terraparque.tur.br\/noticias\/carnaval-aproveite-o-feriado-para-descansar\/","name":"N\u00e3o curte o carnaval e quer aproveitar o feriado para descansar?","isPartOf":{"@id":"https:\/\/terraparque.tur.br\/#website"},"primaryImageOfPage":{"@id":"https:\/\/terraparque.tur.br\/noticias\/carnaval-aproveite-o-feriado-para-descansar\/#primaryimage"},"image":{"@id":"https:\/\/terraparque.tur.br\/noticias\/carnaval-aproveite-o-feriado-para-descansar\/#primaryimage"},"thumbnailUrl":"https:\/\/terraparque.tur.br\/wp-content\/uploads\/2023\/03\/nao-curte-o-carnaval-e-quer-aproveitar-o-feriado-para-descansar.png","datePublished":"2023-01-17T21:47:51+00:00","dateModified":"2023-05-15T13:38:49+00:00","description":"O carnaval \u00e9 uma das datas mais esperadas do ano pelos brasileiros, e nada melhor que passar o feriad\u00e3o curtindo com os amigos e fam\u00edlia n\u00e9?","breadcrumb":{"@id":"https:\/\/terraparque.tur.br\/noticias\/carnaval-aproveite-o-feriado-para-descansar\/#breadcrumb"},"inLanguage":"en-US","potentialAction":[{"@type":"ReadAction","target":["https:\/\/terraparque.tur.br\/noticias\/carnaval-aproveite-o-feriado-para-descansar\/"]}]},{"@type":"ImageObject","inLanguage":"en-US","@id":"https:\/\/terraparque.tur.br\/noticias\/carnaval-aproveite-o-feriado-para-descansar\/#primaryimage","url":"https:\/\/terraparque.tur.br\/wp-content\/uploads\/2023\/03\/nao-curte-o-carnaval-e-quer-aproveitar-o-feriado-para-descansar.png","contentUrl":"https:\/\/terraparque.tur.br\/wp-content\/uploads\/2023\/03\/nao-curte-o-carnaval-e-quer-aproveitar-o-feriado-para-descansar.png","width":1365,"height":560,"caption":"Nao Curte O Carnaval E Quer Aproveitar O Feriado Para Descansar"},{"@type":"BreadcrumbList","@id":"https:\/\/terraparque.tur.br\/noticias\/carnaval-aproveite-o-feriado-para-descansar\/#breadcrumb","itemListElement":[{"@type":"ListItem","position":1,"name":"Home","item":"https:\/\/terraparque.tur.br\/"},{"@type":"ListItem","position":2,"name":"N\u00e3o curte o carnaval e quer aproveitar o feriado para descansar?"}]},{"@type":"WebSite","@id":"https:\/\/terraparque.tur.br\/#website","url":"https:\/\/terraparque.tur.br\/","name":"Terra Parque Eco Resort","description":"","publisher":{"@id":"https:\/\/terraparque.tur.br\/#organization"},"potentialAction":[{"@type":"SearchAction","target":{"@type":"EntryPoint","urlTemplate":"https:\/\/terraparque.tur.br\/?s={search_term_string}"},"query-input":{"@type":"PropertyValueSpecification","valueRequired":true,"valueName":"search_term_string"}}],"inLanguage":"en-US"},{"@type":"Organization","@id":"https:\/\/terraparque.tur.br\/#organization","name":"Terra Parque Eco Resort","url":"https:\/\/terraparque.tur.br\/","logo":{"@type":"ImageObject","inLanguage":"en-US","@id":"https:\/\/terraparque.tur.br\/#\/schema\/logo\/image\/","url":"https:\/\/terraparque.tur.br\/wp-content\/uploads\/2023\/03\/terra-favicon.png","contentUrl":"https:\/\/terraparque.tur.br\/wp-content\/uploads\/2023\/03\/terra-favicon.png","width":512,"height":512,"caption":"Terra Parque Eco Resort"},"image":{"@id":"https:\/\/terraparque.tur.br\/#\/schema\/logo\/image\/"},"sameAs":["https:\/\/www.facebook.com\/terraparque","https:\/\/www.instagram.com\/terraparque\/","https:\/\/www.youtube.com\/terraparqueecoresort","https:\/\/www.tiktok.com\/@terraparque","https:\/\/www.tripadvisor.com.br\/Hotel_Review-g2350053-d2623441-Reviews-Terra_Parque_Eco_Resort-Pirapozinho_State_of_Sao_Paulo.html"]},{"@type":"Person","@id":"https:\/\/terraparque.tur.br\/#\/schema\/person\/37d711f1d3fd3e3005760c817d1ef221","name":"o2web","image":{"@type":"ImageObject","inLanguage":"en-US","@id":"https:\/\/terraparque.tur.br\/#\/schema\/person\/image\/","url":"https:\/\/secure.gravatar.com\/avatar\/a66afb55e931baa09ca25785026da15a46350ce89eda5efd168397572b4b2e75?s=96&d=mm&r=g","contentUrl":"https:\/\/secure.gravatar.com\/avatar\/a66afb55e931baa09ca25785026da15a46350ce89eda5efd168397572b4b2e75?s=96&d=mm&r=g","caption":"o2web"},"sameAs":["https:\/\/terraparque.tur.br"]}]}},"_links":{"self":[{"href":"https:\/\/terraparque.tur.br\/en\/wp-json\/wp\/v2\/posts\/1334","targetHints":{"allow":["GET"]}}],"collection":[{"href":"https:\/\/terraparque.tur.br\/en\/wp-json\/wp\/v2\/posts"}],"about":[{"href":"https:\/\/terraparque.tur.br\/en\/wp-json\/wp\/v2\/types\/post"}],"author":[{"embeddable":true,"href":"https:\/\/terraparque.tur.br\/en\/wp-json\/wp\/v2\/users\/1"}],"replies":[{"embeddable":true,"href":"https:\/\/terraparque.tur.br\/en\/wp-json\/wp\/v2\/comments?post=1334"}],"version-history":[{"count":0,"href":"https:\/\/terraparque.tur.br\/en\/wp-json\/wp\/v2\/posts\/1334\/revisions"}],"wp:featuredmedia":[{"embeddable":true,"href":"https:\/\/terraparque.tur.br\/en\/wp-json\/wp\/v2\/media\/1337"}],"wp:attachment":[{"href":"https:\/\/terraparque.tur.br\/en\/wp-json\/wp\/v2\/media?parent=1334"}],"wp:term":[{"taxonomy":"category","embeddable":true,"href":"https:\/\/terraparque.tur.br\/en\/wp-json\/wp\/v2\/categories?post=1334"}],"curies":[{"name":"wp","href":"https:\/\/api.w.org\/{rel}","templated":true}]}}